{"id":739,"date":"2018-10-31T02:37:37","date_gmt":"2018-10-31T02:37:37","guid":{"rendered":"https:\/\/www.mapuche-nation.org\/esp\/?p=739"},"modified":"2018-10-31T02:37:37","modified_gmt":"2018-10-31T02:37:37","slug":"ivana-huenelaf-en-enero-ya-nos-habian-amenazado-con-hacernos-desaparecer","status":"publish","type":"post","link":"https:\/\/www.mapuche-nation.org\/esp\/ivana-huenelaf-en-enero-ya-nos-habian-amenazado-con-hacernos-desaparecer\/","title":{"rendered":"Ivana Huenelaf: \u201cEn enero ya nos hab\u00edan amenazado con hacernos desaparecer\u201d"},"content":{"rendered":"<p><span style=\"color: #ff0000;\"><em><strong><span lang=\"ES\" style=\"font-family: arial,helvetica,sans-serif; font-size: 12pt;\">REPRESI\u00d3N ORIGINARIA<\/span><\/strong><\/em><\/span><\/p>\n<pre><span style=\"color: #008000;\"><strong><span lang=\"ES\" style=\"font-family: arial,helvetica,sans-serif; font-size: 18pt;\">Ivana Huenelaf: \u201cEn enero ya nos hab\u00edan amenazado con hacernos desaparecer\u201d<\/span><\/strong><\/span><\/pre>\n<p><strong><span lang=\"ES\" style=\"font-family: arial,helvetica,sans-serif; font-size: 12pt;\"><span style=\"color: #000000;\">Es mapuche y participa de la lucha de la Pu Lof de Cushamen. Hace ocho meses la torturaron y secuestraron durante horas tras una represi\u00f3n como la del 1\u00b0 de agosto, donde se llevaron a Santiago Maldonado.<\/span><\/span><\/strong><\/p>\n<p><span lang=\"ES\" style=\"font-family: arial,helvetica,sans-serif; font-size: 14pt;\">Por Daniel Satur &#8211; \u00a0Martes 5 de septiembre de 2017<\/span><\/p>\n<p><img loading=\"lazy\" decoding=\"async\" class=\"aligncenter size-full wp-image-740\" src=\"https:\/\/www.mapuche-nation.org\/esp\/wp-content\/uploads\/sites\/5\/2018\/10\/Ivana-Huenelaf-20170905.jpg\" alt=\"\" width=\"800\" height=\"449\" srcset=\"https:\/\/www.mapuche-nation.org\/esp\/wp-content\/uploads\/sites\/5\/2018\/10\/Ivana-Huenelaf-20170905.jpg 800w, https:\/\/www.mapuche-nation.org\/esp\/wp-content\/uploads\/sites\/5\/2018\/10\/Ivana-Huenelaf-20170905-300x168.jpg 300w, https:\/\/www.mapuche-nation.org\/esp\/wp-content\/uploads\/sites\/5\/2018\/10\/Ivana-Huenelaf-20170905-768x431.jpg 768w\" sizes=\"auto, (max-width: 800px) 100vw, 800px\" \/><\/p>\n<p><em><span lang=\"ES\" style=\"font-family: arial,helvetica,sans-serif; font-size: 12pt;\"><span style=\"color: #000000;\">Fotos: <strong>Joaqu\u00edn D\u00edaz Reck<\/strong><\/span><\/span><\/em><\/p>\n<p><span lang=\"ES\" style=\"font-family: arial,helvetica,sans-serif; font-size: 12pt;\"><span style=\"color: #000000;\">La desaparici\u00f3n forzada de Santiago Maldonado conmociona a Argentina y al mundo, tanto por lo brutal del hecho como por la reacci\u00f3n encubridora del Gobierno de Mauricio Macri, cerrando filas con la Gendarmer\u00eda y con los funcionarios del Ministerio de Seguridad directamente implicados.<\/span><\/span><\/p>\n<p><span lang=\"ES\" style=\"font-family: arial,helvetica,sans-serif; font-size: 12pt;\"><span style=\"color: #000000;\">Pero ser\u00eda un error creer que esa desaparici\u00f3n fue algo sorpresivo o excepcional. La persecuci\u00f3n y criminalizaci\u00f3n de la poblaci\u00f3n mapuche es sistem\u00e1tica desde hace a\u00f1os, tanto en Chubut como en R\u00edo Negro y Neuqu\u00e9n. Atentados, detenciones arbitrarias, procesamientos por delitos que no se cometieron, extorsi\u00f3n, torturas y hasta ejecuciones sumarias son pol\u00edtica de Estado.<\/span><\/span><\/p>\n<p><span lang=\"ES\" style=\"font-family: arial,helvetica,sans-serif; font-size: 12pt;\"><span style=\"color: #000000;\">Desde jueces federales apoyados en la Gendarmer\u00eda hasta intendentes como los de Esquel o El Bols\u00f3n, pasando por los gobernadores Das Neves y Weretilneck, todo el r\u00e9gimen pol\u00edtico est\u00e1 abocado a debilitar y (si pudiera) aniquilar el proceso de recuperaci\u00f3n territorial mapuche, encarnado en diferentes zonas por comunidades que exigen que se respeten sus derechos ancestrales por sobre el avasallamiento de terratenientes como Benetton, Lewis o Tinelli y multinacionales petroleras y mineras.<\/span><\/span><\/p>\n<p><strong><span lang=\"ES\" style=\"font-family: arial,helvetica,sans-serif; font-size: 14pt;\"><span style=\"color: #000000;\">El antecedente<\/span><\/span><\/strong><\/p>\n<p><span lang=\"ES\" style=\"font-family: arial,helvetica,sans-serif; font-size: 12pt;\"><span style=\"color: #000000;\">Los hechos del 31 de julio y el 1\u00b0 de agosto no fueron m\u00e1s que un cap\u00edtulo extremo de esa pol\u00edtica oficial. Pero en el mes de enero hubo una represi\u00f3n muy similar a esta \u00faltima, donde s\u00f3lo por casualidad no muri\u00f3, o directamente desapareci\u00f3, nadie. Los actores fueron casi los mismos y los m\u00e9todos represivos tambi\u00e9n.<\/span><\/span><\/p>\n<p><span lang=\"ES\" style=\"font-family: arial,helvetica,sans-serif; font-size: 12pt;\"><span style=\"color: #000000;\">Unos doscientos gendarmes se hab\u00edan apostado en la Ruta 40 para, supuestamente, despejar las v\u00edas de La Trochita que atraviesa la Pu Lof en Resistencia de Cushamen. En ese hecho los uniformados se llevaron a tres j\u00f3venes, heridos y procesados. Pero el saldo de la jornada ser\u00eda de nueve personas detenidas. Las otras seis fueron \u201ccazadas\u201d en El Mait\u00e9n, luego de una violenta persecuci\u00f3n por la ruta desde la misma tranquera de la Pu Lof. Ivana Huenelaf fue una de esas seis personas.<\/span><\/span><\/p>\n<p><span lang=\"ES\" style=\"font-family: arial,helvetica,sans-serif; font-size: 12pt;\"><span style=\"color: #000000;\">En una plaza poco transitada de El Bols\u00f3n (aunque durante la entrevista pasar\u00edan con curiosidad varios efectivos de la Polic\u00eda de R\u00edo Negro) Ivana le cont\u00f3 a\u00a0La Izquierda Diario\u00a0todo lo que padeci\u00f3 ese d\u00eda junto a sus lamien (hermanas y hermanos). Una verdadera \u201ccaza de indios\u201d, como le dec\u00edan mientras le esposaban su mu\u00f1eca quebrada los uniformados, algunos de los cu\u00e1les, pat\u00e9ticamente, tambi\u00e9n tienen ascendencia mapuche.<\/span><\/span><\/p>\n<p><strong><span lang=\"ES\" style=\"font-family: arial,helvetica,sans-serif; font-size: 12pt;\"><span style=\"color: #000000;\">\u00bfQu\u00e9 pas\u00f3 el 10 de enero?<\/span><\/span><\/strong><\/p>\n<p><span lang=\"ES\" style=\"font-family: arial,helvetica,sans-serif; font-size: 12pt;\"><span style=\"color: #000000;\">Ese d\u00eda yo fui a solidarizarme con los hermanos de la Pu Lof que alrededor de las 6 de la ma\u00f1ana hab\u00edan sido reprimidos. A eso de las 10 viaj\u00e9 para all\u00e1 y particip\u00e9 de un corte simb\u00f3lico de la ruta. Me toc\u00f3 hacer de \u201ccontacto\u201d entre Gendarmer\u00eda y el trag\u00fan (reuni\u00f3n) de la comunidad, los mismos gendarmes me dec\u00edan que prefer\u00edan hablar conmigo porque me ve\u00edan m\u00e1s \u201cpac\u00edfica\u201d. En realidad nos estaban marcando.<\/span><\/span><\/p>\n<p><span lang=\"ES\" style=\"font-family: arial,helvetica,sans-serif; font-size: 12pt;\"><span style=\"color: #000000;\">Ya eran las 4 de la tarde y me ten\u00eda que volver a El Bols\u00f3n. Consegu\u00ed un lugar en una camioneta. Un hermano mapuche nos dijo que les hab\u00edan secuestrado animales y salimos a buscarlos. Los encontramos en un cami\u00f3n Mercedes Benz, dentro de la estancia de Benetton. Les dijimos a los tres hombres que ocupaban el veh\u00edculo que devolvieran esos animales y ah\u00ed nom\u00e1s comenzaron a dispararnos. Decidimos escapar de ah\u00ed pero empezaron a perseguirnos a los tiros por la ruta. Al rato se les sum\u00f3 una camioneta Hilux blanca, que tiene una gran antena y es muy conocida en la zona.<\/span><\/span><\/p>\n<p><strong><span lang=\"ES\" style=\"font-family: arial,helvetica,sans-serif; font-size: 12pt;\"><span style=\"color: #000000;\">\u00bfDispararon sin mediar ninguna advertencia?<\/span><\/span><\/strong><\/p>\n<p><span lang=\"ES\" style=\"font-family: arial,helvetica,sans-serif; font-size: 12pt;\"><span style=\"color: #000000;\">Nadie nos dio la voz de alto ni nada por el estilo. Todos comenzaron a disparar de entrada. Fueron unos 30 o 40 kil\u00f3metros de disparos, de balas de plomo y de goma. En un momento vimos venir un patrullero por la ruta. Yo cre\u00eda que pod\u00eda ser nuestra salvaci\u00f3n, de hecho le dije a quien conduc\u00eda que parara para avisar que nos estaban disparando. Pero a unos veinte metros de distancia se baja uno de los polic\u00edas, me apunt\u00f3 a la cabeza con la nueve mil\u00edmetros y dispar\u00f3. Sent\u00ed la explosi\u00f3n en mi o\u00eddo y qued\u00e9 atontada. La bala peg\u00f3 en el parabrisas y termin\u00f3 estallando el vidrio de atr\u00e1s. El mismo polic\u00eda gir\u00f3 y apunt\u00f3 a la compa\u00f1era que estaba en la caja de atr\u00e1s de la camioneta y volvi\u00f3 a disparar contra el veh\u00edculo. Nos tiramos al piso mientras sal\u00edamos r\u00e1pido para El Mait\u00e9n.<\/span><\/span><\/p>\n<p><strong><span lang=\"ES\" style=\"font-family: arial,helvetica,sans-serif; font-size: 12pt;\"><span style=\"color: #000000;\">\u00bfFueron alcanzados por las balas?<\/span><\/span><\/strong><\/p>\n<p><span lang=\"ES\" style=\"font-family: arial,helvetica,sans-serif; font-size: 12pt;\"><span style=\"color: #000000;\">Cre\u00edamos que Danielita, la chica que estaba atr\u00e1s, hab\u00eda sido baleada. Pero no pod\u00edamos dejar de escapar as\u00ed que no sab\u00edamos. Por suerte no estaba herida. Otro compa\u00f1ero que estaba sentado atr\u00e1s gritaba por un fuerte dolor en el hombro, dec\u00eda \u201cme dieron\u201d pero al final no le lleg\u00f3 el disparo porque fue frenado por la almohadilla del asiento. De todos modos decidimos parar en el hospital de El Mait\u00e9n para ver bien c\u00f3mo estaban. Pero tuvimos la mala fortuna de caer en el hospital viejo, que est\u00e1 abandonado.<\/span><\/span><\/p>\n<p><strong><span lang=\"ES\" style=\"font-family: arial,helvetica,sans-serif; font-size: 12pt;\"><span style=\"color: #000000;\">Ah\u00ed los detuvieron<\/span><\/span><\/strong><\/p>\n<p><span lang=\"ES\" style=\"font-family: arial,helvetica,sans-serif; font-size: 12pt;\"><span style=\"color: #000000;\">S\u00ed. Parec\u00eda todo preparado. Cuando llegamos a ese hospital abandonado salieron de adentro varios de la Gendarmer\u00eda y de la Infanter\u00eda de la Polic\u00eda, todos apunt\u00e1ndonos. Hay un audio de\u00a0FM Alas\u00a0de El Bols\u00f3n que registra un llamado m\u00edo donde pido auxilio y se escucha c\u00f3mo me pegan. Nos pon\u00edan las itacas en la cabeza mientras nos dec\u00edan \u201cindios de mierda, mir\u00e1 lo que hicieron, hijos de puta\u201d. Yo preguntaba qu\u00e9 era lo que hab\u00edamos hecho y no respond\u00edan nada. Les hablaba de que ten\u00edamos derecho a hacer un llamado, que no pod\u00edan tocarnos. Pero nada.<\/span><\/span><\/p>\n<p><strong><span lang=\"ES\" style=\"font-family: arial,helvetica,sans-serif; font-size: 12pt;\"><span style=\"color: #000000;\">\u00bfC\u00f3mo fue que te fracturaron la mano?<\/span><\/span><\/strong><\/p>\n<p><span lang=\"ES\" style=\"font-family: arial,helvetica,sans-serif; font-size: 12pt;\"><span style=\"color: #000000;\">A Danielita, la chica que iba atr\u00e1s, la hab\u00edan golpeado mucho y yo me acerqu\u00e9 a taparla con un poncho. Entonces vinieron varios polic\u00edas m\u00e1s y me agarraron tan bruscamente que me quebraron la mu\u00f1eca. Les ped\u00ed que no me esposaran porque me dol\u00eda mucho, pero me esposaron igual. Dos meses tardaron en irse las marcas de las esposas. Nos llevaron al hospital, donde me enyesaron, y de ah\u00ed nos llevaron a la comisar\u00eda de El Mait\u00e9n.<\/span><\/span><\/p>\n<p><strong><span lang=\"ES\" style=\"font-family: arial,helvetica,sans-serif; font-size: 12pt;\"><span style=\"color: #000000;\">\u00bfQu\u00e9 explicaciones daban ellos en ese momento?<\/span><\/span><\/strong><\/p>\n<p><span lang=\"ES\" style=\"font-family: arial,helvetica,sans-serif; font-size: 12pt;\"><span style=\"color: #000000;\">Nosotros no entend\u00edamos nada. Yo ped\u00eda hacer un llamado y me respond\u00edan \u201c\u00bfahora te acord\u00e1s que ten\u00e9s que llamar? \u00bfpor qu\u00e9 no paraste cuando te lo ordenamos?\u201d Pero si par\u00e1bamos en la ruta yo estoy segura de que nos mataban, las pericias demostraron que nos tiraron directamente a la cabeza.<\/span><\/span><\/p>\n<p><span lang=\"ES\" style=\"font-family: arial,helvetica,sans-serif; font-size: 12pt;\"><span style=\"color: #000000;\">Nos acusaban de abigeato, seg\u00fan ellos nosotros quer\u00edamos robar 360 animales. Y adem\u00e1s nos acusaban de resistencia a la autoridad. De hecho vamos a ir a juicio por esos dos delitos. Pero esa causa tiene un mont\u00f3n de irregularidades y pruebas falsas. Nos plantaron bombas molotov, no nos hicieron el dermotest para comprobar que no disparamos ni un tiro, ellos saben que estamos hablando claro.<\/span><\/span><\/p>\n<p><img loading=\"lazy\" decoding=\"async\" class=\"aligncenter  wp-image-742\" src=\"https:\/\/www.mapuche-nation.org\/esp\/wp-content\/uploads\/sites\/5\/2018\/10\/Ivana-Huenelaf-20170905-b-1024x684.jpg\" alt=\"\" width=\"737\" height=\"493\" srcset=\"https:\/\/www.mapuche-nation.org\/esp\/wp-content\/uploads\/sites\/5\/2018\/10\/Ivana-Huenelaf-20170905-b-1024x684.jpg 1024w, https:\/\/www.mapuche-nation.org\/esp\/wp-content\/uploads\/sites\/5\/2018\/10\/Ivana-Huenelaf-20170905-b-300x200.jpg 300w, https:\/\/www.mapuche-nation.org\/esp\/wp-content\/uploads\/sites\/5\/2018\/10\/Ivana-Huenelaf-20170905-b-768x513.jpg 768w, https:\/\/www.mapuche-nation.org\/esp\/wp-content\/uploads\/sites\/5\/2018\/10\/Ivana-Huenelaf-20170905-b.jpg 1140w\" sizes=\"auto, (max-width: 737px) 100vw, 737px\" \/><\/p>\n<p><strong><span lang=\"ES\" style=\"font-family: arial,helvetica,sans-serif; font-size: 14pt;\"><span style=\"color: #000000;\">Torturas al borde de la muerte<\/span><\/span><\/strong><\/p>\n<p><span lang=\"ES\" style=\"font-family: arial,helvetica,sans-serif; font-size: 12pt;\"><span style=\"color: #000000;\">Persecusi\u00f3n, tiros, emboscada y armado de causa. As\u00ed se \u201cengord\u00f3\u201d la lista de detenidos ese 10 de enero, sumando seis procesados a los tres que Gendarmer\u00eda ya hab\u00eda apresado en la Pu Lof de Cushamen con la excusa de despejar La Trochita.<\/span><\/span><\/p>\n<p><span lang=\"ES\" style=\"font-family: arial,helvetica,sans-serif; font-size: 12pt;\"><span style=\"color: #000000;\">Pero para Ivana y sus hermanos la cosa no termin\u00f3 ah\u00ed. Con la mu\u00f1eca quebrada y con la confusi\u00f3n a cuestas, esta artesana de El Bols\u00f3n, especializada en panificaci\u00f3n y en la cosecha de frutillas y frambuesas, estar\u00eda desaparecida durante horas y recibir\u00eda amenazas directas de muerte.<\/span><\/span><\/p>\n<p><span lang=\"ES\" style=\"font-family: arial,helvetica,sans-serif; font-size: 12pt;\"><span style=\"color: #000000;\">Del hospital nos llevaron a un calabozo de la comisar\u00eda y all\u00ed nos encapucharon. En un momento escuchamos que se hizo presente el fiscal general Carlos D\u00edaz Mayer. Lo ten\u00edamos a dos metros, pared de por medio, le gritamos para que viniera a explicarnos qu\u00e9 pasaba, pero nunca se acerc\u00f3.<\/span><\/span><\/p>\n<p><strong><span lang=\"ES\" style=\"font-family: arial,helvetica,sans-serif; font-size: 12pt;\"><span style=\"color: #000000;\">Era como que no exist\u00edan ustedes ah\u00ed<\/span><\/span><\/strong><\/p>\n<p><span lang=\"ES\" style=\"font-family: arial,helvetica,sans-serif; font-size: 12pt;\"><span style=\"color: #000000;\">Claro. Despu\u00e9s escuch\u00e9 a varias compa\u00f1eras que hab\u00edan llegado a la comisar\u00eda y preguntaban qui\u00e9nes \u00e9ramos los detenidos, pero los polic\u00edas se negaron todo el tiempo a decir mi nombre. Incluso vinieron abogados de derechos humanos enterados de los acontecimientos y a ellos tambi\u00e9n les negaron mi nombre cuando preguntaron. Me asust\u00e9 mucho. Con mi compa\u00f1era pudimos hacernos pie y llegar hasta una ventanita de la celda, rompimos los vidrios y empec\u00e9 a silbar. Ah\u00ed pudimos contarle a la gente que est\u00e1bamos ah\u00ed. Ah\u00ed sent\u00ed un poco m\u00e1s de alivio.<\/span><\/span><\/p>\n<p><span lang=\"ES\" style=\"font-family: arial,helvetica,sans-serif; font-size: 12pt;\"><span style=\"color: #000000;\">Durante varias horas los mapuches apresados estuvimos todos desaparecidos. Hubo algunos hermanos no mapuches detenidos y a ellos los blanqueron, pero a nosotros no.<\/span><\/span><\/p>\n<p><strong><span lang=\"ES\" style=\"font-family: arial,helvetica,sans-serif; font-size: 12pt;\"><span style=\"color: #000000;\">\u00bfC\u00f3mo termin\u00f3 ese d\u00eda?<\/span><\/span><\/strong><\/p>\n<p><span lang=\"ES\" style=\"font-family: arial,helvetica,sans-serif; font-size: 12pt;\"><span style=\"color: #000000;\">A eso de las 11 de la noche decidieron trasladarnos a Esquel. El viaje fue terrible tambi\u00e9n para los cinco. Los de Infanter\u00eda, a golpes y culatazos, nos castigaron todo el tiempo. Segu\u00edamos encapuchados. No nos dejaban levantar la cabeza, nos obligaban a estar en posici\u00f3n fetal mientras nos insultaban. Incluso nos insultaban en nuestra lengua. El camino era muy duro y nos hac\u00edan doler los ri\u00f1ones. Nos pregunt\u00e1bamos en voz baja qu\u00e9 nos iba a pasar. Fue terrible.<\/span><\/span><\/p>\n<p><span lang=\"ES\" style=\"font-family: arial,helvetica,sans-serif; font-size: 12pt;\"><span style=\"color: #000000;\">Ivana muestra su mano izquierda. A casi ocho meses de los hechos, a\u00fan le duele la mu\u00f1eca y tiene problemas en un pulm\u00f3n por las patadas que recibi\u00f3. Pero al escuchar su relato aparecen tambi\u00e9n otros dolores.<\/span><\/span><\/p>\n<p><span lang=\"ES\" style=\"font-family: arial,helvetica,sans-serif; font-size: 12pt;\"><span style=\"color: #000000;\">Lo m\u00e1s loco de todo es que esos gendarmes y esos polic\u00edas, muchos de ellos, son mapuches tambi\u00e9n, como nosotros.<\/span><\/span><\/p>\n<p><strong><span lang=\"ES\" style=\"font-family: arial,helvetica,sans-serif; font-size: 12pt;\"><span style=\"color: #000000;\">\u00bfVos cre\u00e9s que la escalada represiva contra ustedes explica la desaparici\u00f3n de Santiago Maldonado?<\/span><\/span><\/strong><\/p>\n<p><span lang=\"ES\" style=\"font-family: arial,helvetica,sans-serif; font-size: 12pt;\"><span style=\"color: #000000;\">A m\u00ed me lo dijeron ellos mismos, mir\u00e1ndome a los ojos, aquel 10 de enero. Nos dijeron \u201clos vamos a hacer desaparecer\u201d. Y s\u00ed, nosotros somos conscientes de que si hubi\u00e9ramos sido mapuches en lugar de un joven como Santiago no hubiera tenido todo esto tanta repercusi\u00f3n. Santiago peg\u00f3 ese grito que nosotros necesit\u00e1bamos. Es muy triste que le haya tocado a \u00e9l.<\/span><\/span><\/p>\n<p><strong><span lang=\"ES\" style=\"font-family: arial,helvetica,sans-serif; font-size: 12pt;\"><span style=\"color: #000000;\">\u00bfQu\u00e9 pens\u00e1s de lo de Santiago?<\/span><\/span><\/strong><\/p>\n<p><span lang=\"ES\" style=\"font-family: arial,helvetica,sans-serif; font-size: 12pt;\"><span style=\"color: #000000;\">Lo que sucedi\u00f3 es muy doloroso, duele el esp\u00edritu, le toc\u00f3 a un hermano que estaba ah\u00ed con nuestra misma convicci\u00f3n. El Estado se equivoc\u00f3, evidentemente creyeron que era un mapuche m\u00e1s. Nosotros tenemos muchos hermanos desaparecidos en democracia, como los Calfullanca, y matanzas como la de do\u00f1a Mar\u00eda Lucinda Quintupuray y su hijo. Podemos nombrar much\u00edsimos casos de los que no se habla porque somos un pueblo originario.<\/span><\/span><\/p>\n<p><span lang=\"ES\" style=\"font-family: arial,helvetica,sans-serif; font-size: 12pt;\"><span style=\"color: #000000;\">Mi abuelo siempre dec\u00eda que el tiempo habla por las personas. Yo creo que con todo esto de Santiago nuestra causa, nuestra lucha, est\u00e1 hablando. Lo que nos est\u00e1 pasando es lamentable, tanto por la familia de Santiago como por todos nosotros. Pero nosotros sab\u00edamos que estas cosas iban a pasar.<\/span><\/span><\/p>\n<p><img loading=\"lazy\" decoding=\"async\" class=\"aligncenter size-full wp-image-743\" src=\"https:\/\/www.mapuche-nation.org\/esp\/wp-content\/uploads\/sites\/5\/2018\/10\/Ivana-Huenelaf-20170905-c.jpg\" alt=\"\" width=\"800\" height=\"497\" srcset=\"https:\/\/www.mapuche-nation.org\/esp\/wp-content\/uploads\/sites\/5\/2018\/10\/Ivana-Huenelaf-20170905-c.jpg 800w, https:\/\/www.mapuche-nation.org\/esp\/wp-content\/uploads\/sites\/5\/2018\/10\/Ivana-Huenelaf-20170905-c-300x186.jpg 300w, https:\/\/www.mapuche-nation.org\/esp\/wp-content\/uploads\/sites\/5\/2018\/10\/Ivana-Huenelaf-20170905-c-768x477.jpg 768w\" sizes=\"auto, (max-width: 800px) 100vw, 800px\" \/><\/p>\n<p><strong><span lang=\"ES\" style=\"font-family: arial,helvetica,sans-serif; font-size: 14pt;\"><span style=\"color: #000000;\">Lucha ancestral<\/span><\/span><\/strong><\/p>\n<p><span lang=\"ES\" style=\"font-family: arial,helvetica,sans-serif; font-size: 12pt;\"><span style=\"color: #000000;\">Ivana Huenelaf pertenece a la comunidad del Puel Mapu. Naci\u00f3 en la precordillera (en el departamento de Tehuelches, Chubut), se cri\u00f3 en Comodoro Rivadavia y hace doce a\u00f1os se afinc\u00f3 en El Bols\u00f3n, R\u00edo Negro. \u201cPero mi gente viene de Cushamen, all\u00ed a mis abuelos les quitaron las tierras\u201d, aclara ante todo. Tiene seis hijos y es artesana en la feria regional de la ciudad. Con total naturalidad sintetiza los siglos de lucha de su pueblo.<\/span><\/span><\/p>\n<p><span lang=\"ES\" style=\"font-family: arial,helvetica,sans-serif; font-size: 12pt;\"><span style=\"color: #000000;\">La recuperaci\u00f3n de nuestro territorio es algo que tenemos que hacer para que no se vuelva a repetir lo que nos ha sucedido a lo largo de tantos a\u00f1os. M\u00e1s all\u00e1 de que tengamos una Constituci\u00f3n que nos reconoce, en verdad el Estado no nos reconoce, nunca nos tuvo en cuenta. Sin embargo nosotros s\u00ed reconocemos al Estado. Por eso decimos que vamos a seguir en pie, porque nuestra causa es el territorio y el buen vivir. Simplemente eso. Esto no es una confrontaci\u00f3n con el Estado, es el Estado el que confronta con nosotros.<\/span><\/span><\/p>\n<p><strong><span lang=\"ES\" style=\"font-family: arial,helvetica,sans-serif; font-size: 12pt;\"><span style=\"color: #000000;\">\u00bfQu\u00e9 respond\u00e9s a quienes dicen que los mapuches usurpan tierras que compraron magnates como Benetton o Lewis?<\/span><\/span><\/strong><\/p>\n<p><span lang=\"ES\" style=\"font-family: arial,helvetica,sans-serif; font-size: 12pt;\"><span style=\"color: #000000;\">Los invitar\u00eda a que vengan a \u201cser\u201d mapuches un solo d\u00eda. Ah\u00ed podr\u00edan decirnos realmente qui\u00e9n usurp\u00f3 qu\u00e9. Mi abuelo fue un lonko de esta zona, don Casimiro Huenelaf, y dec\u00eda que \u201csomos gente de la tierra\u201d. A nosotros nos toc\u00f3 ser cara de kultrun, pero en verdad somos todos gente de la tierra. Nadie es usurpador, todos tenemos el derecho al territorio y sobre todo al desarrollo de ese territorio. Los terratenientes nos sacan los territorios s\u00f3lo para alambrar y para nada fruct\u00edfero. S\u00f3lo quieren que salgamos de nuestras riquezas y de nuestra cultura.<\/span><\/span><\/p>\n<p><strong><span lang=\"ES\" style=\"font-family: arial,helvetica,sans-serif; font-size: 12pt;\"><span style=\"color: #000000;\">\u00bfY c\u00f3mo es convivir cotidianamente con ese despojo de los capitalistas y sus fuerzas represivas?<\/span><\/span><\/strong><\/p>\n<p><span lang=\"ES\" style=\"font-family: arial,helvetica,sans-serif; font-size: 12pt;\"><span style=\"color: #000000;\">Es una relaci\u00f3n muy tediosa. Yo desde enero cambi\u00e9 la manera de pensar. Antes m\u00e1s bien me manten\u00eda al margen del tema de la violencia y de la justicia. Pero me toc\u00f3 vivir este suceso, fui baleada por polic\u00edas y gendarmes. Fuimos apresados y torturados. Ahora la relaci\u00f3n con ellos es muy tensa y triste. Nos est\u00e1n persiguiendo todo el tiempo, averiguan d\u00f3nde trabajamos y qu\u00e9 hacemos. Si bien esto siempre fue as\u00ed, \u00faltimamente la persecuci\u00f3n es m\u00e1s precisa.<\/span><\/span><\/p>\n<p><strong><span lang=\"ES\" style=\"font-family: arial,helvetica,sans-serif; font-size: 12pt;\"><span style=\"color: #000000;\">\u00bfA vos tambi\u00e9n te persiguen ahora en Chile?<\/span><\/span><\/strong><\/p>\n<p><span lang=\"ES\" style=\"font-family: arial,helvetica,sans-serif; font-size: 12pt;\"><span style=\"color: #000000;\">S\u00ed, no lo puedo creer. Fui a Temuco hace pocos d\u00edas, para estar en el juicio de nuestra machi Francisca Linconao, quien est\u00e1 siendo juzgada por defender una monta\u00f1a de donde ella saca sus medicinas. Pero cuando cruc\u00e9 a Chile me dijeron que no pod\u00eda entrar al pa\u00eds porque hay una denuncia contra m\u00ed en Santiago, por el art\u00edculo 15 inciso 17 de la ley de extranjer\u00eda, es decir por \u201cagitadora\u201d. Pero yo nunca estuve en Santiago.<\/span><\/span><\/p>\n<p><span lang=\"ES\" style=\"font-family: arial,helvetica,sans-serif; font-size: 12pt;\"><span style=\"color: #000000;\">Me obligaron a salir en doce horas, de forma casi clandestina, y me tuve que volver. No puedo volver a Chile por una causa que me plantaron.<\/span><\/span><\/p>\n<p><strong><span lang=\"ES\" style=\"font-family: arial,helvetica,sans-serif; font-size: 12pt;\"><span style=\"color: #000000;\">\u00bfHay una coordinaci\u00f3n entre lo dos Estados?<\/span><\/span><\/strong><\/p>\n<p><span lang=\"ES\" style=\"font-family: arial,helvetica,sans-serif; font-size: 12pt;\"><span style=\"color: #000000;\">Totalmente. Cuando me impidieron entrar a Chile me mandaron a la sede de la Polic\u00eda de Investigaciones. Al llegar me encerraron en una oficina y varios hombres, tipo detectives, me interrogaron con soberbia y mostr\u00e1ndome sus armas. Preguntaban si era de alg\u00fan grupo, si era activista, si conoc\u00eda el RAM y otras cosas. Como sab\u00edan que la denuncia contra m\u00ed es insostenible, me dijeron que no me preocupara pero que abandonara el pa\u00eds cuando antes y resolviera el tema desde Argentina.<\/span><\/span><\/p>\n<p><span lang=\"ES\" style=\"font-family: arial,helvetica,sans-serif; font-size: 12pt;\"><span style=\"color: #000000;\">El tema es que para nosotros ir y volver de Chile es algo propio de nuestras necesidades. Necesitamos ir a ver a las machis. Pero a la gente del Pu Lof todo el tiempo los tienen en observaci\u00f3n y suelen no dejarlos pasar.<\/span><\/span><\/p>\n<p><span lang=\"ES\" style=\"font-family: arial,helvetica,sans-serif; font-size: 12pt;\"><span style=\"color: #000000;\">En varios momentos de la entrevista a Ivana se le cayeron algunas l\u00e1grimas. Los recuerdos vivos de lo que pas\u00f3 se potencian con un presente donde a cada paso se grita \u201caparici\u00f3n con vida de Santiago Maldonado\u201d y \u201cLibertad a Facundo Jones Huala\u201d, el lonko de la comunidad con la que ella es solidaria en su proceso de recuperaci\u00f3n territorial.<\/span><\/span><\/p>\n<p><span lang=\"ES\" style=\"font-family: arial,helvetica,sans-serif; font-size: 12pt;\"><span style=\"color: #000000;\">Sabe que la colonizaci\u00f3n ha llegado a niveles tan parad\u00f3jicos que muchos de sus hermanos mapuches se transforman en servidores del enemigo. A ellos, a los gendarmes y polic\u00edas que son mapuches, los invita con una asombrosa cordialidad a que \u201cvuelvan\u201d.<\/span><\/span><\/p>\n<p><span lang=\"ES\" style=\"font-family: arial,helvetica,sans-serif; font-size: 12pt;\"><span style=\"color: #000000;\">Y no ahorra palabras para quienes sin ser mapuches sienten esa lucha como propia. Como una de las tantas luchas de los explotados y oprimidos de esta tierra.<\/span><\/span><\/p>\n<p><span lang=\"ES\" style=\"font-family: arial,helvetica,sans-serif; font-size: 12pt;\"><span style=\"color: #000000;\">Sentimos mucho apoyo a nivel del pueblo. Se siente mucho el nehu\u00e9n (fuerza). Esta lucha es ancestral y continuamos porque nos ayudan a continuar. Vamos de forma paralela a mucha gente de la tierra que no son mapuches. El mapuche tiene claro esto.<\/span><\/span><\/p>\n<p><strong><span lang=\"ES\" style=\"font-family: arial,helvetica,sans-serif; font-size: 12pt;\"><span style=\"color: #000000;\">\u00bfNo van a bajar los brazos?<\/span><\/span><\/strong><\/p>\n<p><span lang=\"ES\" style=\"font-family: arial,helvetica,sans-serif; font-size: 12pt;\"><span style=\"color: #000000;\">Por supuesto que no. Es momento de empezar a mirarnos m\u00e1s a los ojos, que empecemos a creer m\u00e1s y consumir menos. Por eso agradecemos mucho el apoyo. Ac\u00e1 hay mucho dolor pero tambi\u00e9n mucho nehu\u00e9n. Por eso vamos a seguir. Mis hijos y mis nietos van a seguir. Porque la tierra nos lo da todo y ac\u00e1 hay espacio para todos. Por eso vamos a seguir recuperando nuestro territorio.<\/span><\/span><\/p>\n<p><img loading=\"lazy\" decoding=\"async\" class=\"aligncenter  wp-image-744\" src=\"https:\/\/www.mapuche-nation.org\/esp\/wp-content\/uploads\/sites\/5\/2018\/10\/Ivana-Huenelaf-20170905-d-1024x684.jpg\" alt=\"\" width=\"755\" height=\"505\" srcset=\"https:\/\/www.mapuche-nation.org\/esp\/wp-content\/uploads\/sites\/5\/2018\/10\/Ivana-Huenelaf-20170905-d-1024x684.jpg 1024w, https:\/\/www.mapuche-nation.org\/esp\/wp-content\/uploads\/sites\/5\/2018\/10\/Ivana-Huenelaf-20170905-d-300x200.jpg 300w, https:\/\/www.mapuche-nation.org\/esp\/wp-content\/uploads\/sites\/5\/2018\/10\/Ivana-Huenelaf-20170905-d-768x513.jpg 768w, https:\/\/www.mapuche-nation.org\/esp\/wp-content\/uploads\/sites\/5\/2018\/10\/Ivana-Huenelaf-20170905-d.jpg 1140w\" sizes=\"auto, (max-width: 755px) 100vw, 755px\" \/><\/p>\n<p><strong><span lang=\"ES\" style=\"font-family: arial,helvetica,sans-serif; font-size: 12pt;\"><span style=\"color: #000000;\"><em>Equipo de investigaci\u00f3n:<\/em> Joaqu\u00edn D\u00edaz Reck, Alan Ger\u00f3nimo y Daniel Satur<\/span><\/span><\/strong><\/p>\n<p><span style=\"color: #ff0000;\">____________________________________________<\/span><\/p>\n<p><span lang=\"ES\"><span style=\"color: #000000; font-family: Times New Roman;\"><em><span style=\"color: #800000;\"><strong>Fuente:<\/strong><\/span> <a href=\"https:\/\/www.laizquierdadiario.com\/Ivana-Huenelaf-En-enero-ya-nos-habian-amenazado-con-hacernos-desaparecer\">\u00a9 2018 LA IZQUIERDA DIARIO\u00a0<\/a><\/em> <\/span><\/span><\/p>\n<p>&nbsp;<\/p>\n","protected":false},"excerpt":{"rendered":"<p>REPRESI\u00d3N ORIGINARIA Ivana Huenelaf: \u201cEn enero ya nos hab\u00edan amenazado con hacernos desaparecer\u201d Es mapuche y participa de la lucha de la Pu Lof de Cushamen. Hace ocho meses la torturaron y secuestraron durante horas tras una represi\u00f3n como la del 1\u00b0 de agosto, donde se llevaron a Santiago Maldonado. Por Daniel Satur &#8211; \u00a0Martes [&hellip;]<\/p>\n","protected":false},"author":1,"featured_media":740,"comment_status":"closed","ping_status":"open","sticky":false,"template":"","format":"standard","meta":{"footnotes":""},"categories":[3],"tags":[],"class_list":["post-739","post","type-post","status-publish","format-standard","has-post-thumbnail","hentry","category-noticias"],"yoast_head":"<!-- This site is optimized with the Yoast SEO plugin v27.5 - https:\/\/yoast.com\/product\/yoast-seo-wordpress\/ -->\n<title>Ivana Huenelaf: \u201cEn enero ya nos hab\u00edan amenazado con hacernos desaparecer\u201d - Enlace Mapuche Internacional<\/title>\n<meta name=\"robots\" content=\"index, follow, max-snippet:-1, max-image-preview:large, max-video-preview:-1\" \/>\n<link rel=\"canonical\" href=\"https:\/\/www.mapuche-nation.org\/esp\/ivana-huenelaf-en-enero-ya-nos-habian-amenazado-con-hacernos-desaparecer\/\" \/>\n<meta property=\"og:locale\" content=\"en_GB\" \/>\n<meta property=\"og:type\" content=\"article\" \/>\n<meta property=\"og:title\" content=\"Ivana Huenelaf: \u201cEn enero ya nos hab\u00edan amenazado con hacernos desaparecer\u201d - Enlace Mapuche Internacional\" \/>\n<meta property=\"og:description\" content=\"REPRESI\u00d3N ORIGINARIA Ivana Huenelaf: \u201cEn enero ya nos hab\u00edan amenazado con hacernos desaparecer\u201d Es mapuche y participa de la lucha de la Pu Lof de Cushamen. Hace ocho meses la torturaron y secuestraron durante horas tras una represi\u00f3n como la del 1\u00b0 de agosto, donde se llevaron a Santiago Maldonado. Por Daniel Satur &#8211; \u00a0Martes [&hellip;]\" \/>\n<meta property=\"og:url\" content=\"https:\/\/www.mapuche-nation.org\/esp\/ivana-huenelaf-en-enero-ya-nos-habian-amenazado-con-hacernos-desaparecer\/\" \/>\n<meta property=\"og:site_name\" content=\"Enlace Mapuche Internacional\" \/>\n<meta property=\"article:published_time\" content=\"2018-10-31T02:37:37+00:00\" \/>\n<meta property=\"og:image\" content=\"https:\/\/www.mapuche-nation.org\/esp\/wp-content\/uploads\/sites\/5\/2018\/10\/Ivana-Huenelaf-20170905.jpg\" \/>\n\t<meta property=\"og:image:width\" content=\"800\" \/>\n\t<meta property=\"og:image:height\" content=\"449\" \/>\n\t<meta property=\"og:image:type\" content=\"image\/jpeg\" \/>\n<meta name=\"author\" content=\"Mapuche International Link\" \/>\n<meta name=\"twitter:card\" content=\"summary_large_image\" \/>\n<meta name=\"twitter:label1\" content=\"Written by\" \/>\n\t<meta name=\"twitter:data1\" content=\"Mapuche International Link\" \/>\n\t<meta name=\"twitter:label2\" content=\"Estimated reading time\" \/>\n\t<meta name=\"twitter:data2\" content=\"14 minutes\" \/>\n<script type=\"application\/ld+json\" class=\"yoast-schema-graph\">{\"@context\":\"https:\\\/\\\/schema.org\",\"@graph\":[{\"@type\":\"Article\",\"@id\":\"https:\\\/\\\/www.mapuche-nation.org\\\/esp\\\/ivana-huenelaf-en-enero-ya-nos-habian-amenazado-con-hacernos-desaparecer\\\/#article\",\"isPartOf\":{\"@id\":\"https:\\\/\\\/www.mapuche-nation.org\\\/esp\\\/ivana-huenelaf-en-enero-ya-nos-habian-amenazado-con-hacernos-desaparecer\\\/\"},\"author\":{\"name\":\"Mapuche International Link\",\"@id\":\"https:\\\/\\\/www.mapuche-nation.org\\\/esp\\\/#\\\/schema\\\/person\\\/6333043013426b20dfa45bf4b6ae16d9\"},\"headline\":\"Ivana Huenelaf: \u201cEn enero ya nos hab\u00edan amenazado con hacernos desaparecer\u201d\",\"datePublished\":\"2018-10-31T02:37:37+00:00\",\"mainEntityOfPage\":{\"@id\":\"https:\\\/\\\/www.mapuche-nation.org\\\/esp\\\/ivana-huenelaf-en-enero-ya-nos-habian-amenazado-con-hacernos-desaparecer\\\/\"},\"wordCount\":2892,\"publisher\":{\"@id\":\"https:\\\/\\\/www.mapuche-nation.org\\\/esp\\\/#organization\"},\"image\":{\"@id\":\"https:\\\/\\\/www.mapuche-nation.org\\\/esp\\\/ivana-huenelaf-en-enero-ya-nos-habian-amenazado-con-hacernos-desaparecer\\\/#primaryimage\"},\"thumbnailUrl\":\"https:\\\/\\\/www.mapuche-nation.org\\\/esp\\\/wp-content\\\/uploads\\\/sites\\\/5\\\/2018\\\/10\\\/Ivana-Huenelaf-20170905.jpg\",\"articleSection\":[\"Noticias\"],\"inLanguage\":\"en-GB\"},{\"@type\":\"WebPage\",\"@id\":\"https:\\\/\\\/www.mapuche-nation.org\\\/esp\\\/ivana-huenelaf-en-enero-ya-nos-habian-amenazado-con-hacernos-desaparecer\\\/\",\"url\":\"https:\\\/\\\/www.mapuche-nation.org\\\/esp\\\/ivana-huenelaf-en-enero-ya-nos-habian-amenazado-con-hacernos-desaparecer\\\/\",\"name\":\"Ivana Huenelaf: \u201cEn enero ya nos hab\u00edan amenazado con hacernos desaparecer\u201d - Enlace Mapuche Internacional\",\"isPartOf\":{\"@id\":\"https:\\\/\\\/www.mapuche-nation.org\\\/esp\\\/#website\"},\"primaryImageOfPage\":{\"@id\":\"https:\\\/\\\/www.mapuche-nation.org\\\/esp\\\/ivana-huenelaf-en-enero-ya-nos-habian-amenazado-con-hacernos-desaparecer\\\/#primaryimage\"},\"image\":{\"@id\":\"https:\\\/\\\/www.mapuche-nation.org\\\/esp\\\/ivana-huenelaf-en-enero-ya-nos-habian-amenazado-con-hacernos-desaparecer\\\/#primaryimage\"},\"thumbnailUrl\":\"https:\\\/\\\/www.mapuche-nation.org\\\/esp\\\/wp-content\\\/uploads\\\/sites\\\/5\\\/2018\\\/10\\\/Ivana-Huenelaf-20170905.jpg\",\"datePublished\":\"2018-10-31T02:37:37+00:00\",\"breadcrumb\":{\"@id\":\"https:\\\/\\\/www.mapuche-nation.org\\\/esp\\\/ivana-huenelaf-en-enero-ya-nos-habian-amenazado-con-hacernos-desaparecer\\\/#breadcrumb\"},\"inLanguage\":\"en-GB\",\"potentialAction\":[{\"@type\":\"ReadAction\",\"target\":[\"https:\\\/\\\/www.mapuche-nation.org\\\/esp\\\/ivana-huenelaf-en-enero-ya-nos-habian-amenazado-con-hacernos-desaparecer\\\/\"]}]},{\"@type\":\"ImageObject\",\"inLanguage\":\"en-GB\",\"@id\":\"https:\\\/\\\/www.mapuche-nation.org\\\/esp\\\/ivana-huenelaf-en-enero-ya-nos-habian-amenazado-con-hacernos-desaparecer\\\/#primaryimage\",\"url\":\"https:\\\/\\\/www.mapuche-nation.org\\\/esp\\\/wp-content\\\/uploads\\\/sites\\\/5\\\/2018\\\/10\\\/Ivana-Huenelaf-20170905.jpg\",\"contentUrl\":\"https:\\\/\\\/www.mapuche-nation.org\\\/esp\\\/wp-content\\\/uploads\\\/sites\\\/5\\\/2018\\\/10\\\/Ivana-Huenelaf-20170905.jpg\",\"width\":800,\"height\":449},{\"@type\":\"BreadcrumbList\",\"@id\":\"https:\\\/\\\/www.mapuche-nation.org\\\/esp\\\/ivana-huenelaf-en-enero-ya-nos-habian-amenazado-con-hacernos-desaparecer\\\/#breadcrumb\",\"itemListElement\":[{\"@type\":\"ListItem\",\"position\":1,\"name\":\"Home\",\"item\":\"https:\\\/\\\/www.mapuche-nation.org\\\/esp\\\/\"},{\"@type\":\"ListItem\",\"position\":2,\"name\":\"Ivana Huenelaf: \u201cEn enero ya nos hab\u00edan amenazado con hacernos desaparecer\u201d\"}]},{\"@type\":\"WebSite\",\"@id\":\"https:\\\/\\\/www.mapuche-nation.org\\\/esp\\\/#website\",\"url\":\"https:\\\/\\\/www.mapuche-nation.org\\\/esp\\\/\",\"name\":\"Enlace Mapuche Internacional\",\"description\":\"Enlace Mapuche Internacional\",\"publisher\":{\"@id\":\"https:\\\/\\\/www.mapuche-nation.org\\\/esp\\\/#organization\"},\"potentialAction\":[{\"@type\":\"SearchAction\",\"target\":{\"@type\":\"EntryPoint\",\"urlTemplate\":\"https:\\\/\\\/www.mapuche-nation.org\\\/esp\\\/?s={search_term_string}\"},\"query-input\":{\"@type\":\"PropertyValueSpecification\",\"valueRequired\":true,\"valueName\":\"search_term_string\"}}],\"inLanguage\":\"en-GB\"},{\"@type\":\"Organization\",\"@id\":\"https:\\\/\\\/www.mapuche-nation.org\\\/esp\\\/#organization\",\"name\":\"Enlace Mapuche Internacional\",\"url\":\"https:\\\/\\\/www.mapuche-nation.org\\\/esp\\\/\",\"logo\":{\"@type\":\"ImageObject\",\"inLanguage\":\"en-GB\",\"@id\":\"https:\\\/\\\/www.mapuche-nation.org\\\/esp\\\/#\\\/schema\\\/logo\\\/image\\\/\",\"url\":\"https:\\\/\\\/www.mapuche-nation.org\\\/esp\\\/wp-content\\\/uploads\\\/sites\\\/5\\\/2017\\\/10\\\/logo-esp.png\",\"contentUrl\":\"https:\\\/\\\/www.mapuche-nation.org\\\/esp\\\/wp-content\\\/uploads\\\/sites\\\/5\\\/2017\\\/10\\\/logo-esp.png\",\"width\":253,\"height\":81,\"caption\":\"Enlace Mapuche Internacional\"},\"image\":{\"@id\":\"https:\\\/\\\/www.mapuche-nation.org\\\/esp\\\/#\\\/schema\\\/logo\\\/image\\\/\"}},{\"@type\":\"Person\",\"@id\":\"https:\\\/\\\/www.mapuche-nation.org\\\/esp\\\/#\\\/schema\\\/person\\\/6333043013426b20dfa45bf4b6ae16d9\",\"name\":\"Mapuche International Link\",\"url\":\"https:\\\/\\\/www.mapuche-nation.org\\\/esp\\\/author\\\/siteadminmil\\\/\"}]}<\/script>\n<!-- \/ Yoast SEO plugin. -->","yoast_head_json":{"title":"Ivana Huenelaf: \u201cEn enero ya nos hab\u00edan amenazado con hacernos desaparecer\u201d - Enlace Mapuche Internacional","robots":{"index":"index","follow":"follow","max-snippet":"max-snippet:-1","max-image-preview":"max-image-preview:large","max-video-preview":"max-video-preview:-1"},"canonical":"https:\/\/www.mapuche-nation.org\/esp\/ivana-huenelaf-en-enero-ya-nos-habian-amenazado-con-hacernos-desaparecer\/","og_locale":"en_GB","og_type":"article","og_title":"Ivana Huenelaf: \u201cEn enero ya nos hab\u00edan amenazado con hacernos desaparecer\u201d - Enlace Mapuche Internacional","og_description":"REPRESI\u00d3N ORIGINARIA Ivana Huenelaf: \u201cEn enero ya nos hab\u00edan amenazado con hacernos desaparecer\u201d Es mapuche y participa de la lucha de la Pu Lof de Cushamen. Hace ocho meses la torturaron y secuestraron durante horas tras una represi\u00f3n como la del 1\u00b0 de agosto, donde se llevaron a Santiago Maldonado. Por Daniel Satur &#8211; \u00a0Martes [&hellip;]","og_url":"https:\/\/www.mapuche-nation.org\/esp\/ivana-huenelaf-en-enero-ya-nos-habian-amenazado-con-hacernos-desaparecer\/","og_site_name":"Enlace Mapuche Internacional","article_published_time":"2018-10-31T02:37:37+00:00","og_image":[{"width":800,"height":449,"url":"https:\/\/www.mapuche-nation.org\/esp\/wp-content\/uploads\/sites\/5\/2018\/10\/Ivana-Huenelaf-20170905.jpg","type":"image\/jpeg"}],"author":"Mapuche International Link","twitter_card":"summary_large_image","twitter_misc":{"Written by":"Mapuche International Link","Estimated reading time":"14 minutes"},"schema":{"@context":"https:\/\/schema.org","@graph":[{"@type":"Article","@id":"https:\/\/www.mapuche-nation.org\/esp\/ivana-huenelaf-en-enero-ya-nos-habian-amenazado-con-hacernos-desaparecer\/#article","isPartOf":{"@id":"https:\/\/www.mapuche-nation.org\/esp\/ivana-huenelaf-en-enero-ya-nos-habian-amenazado-con-hacernos-desaparecer\/"},"author":{"name":"Mapuche International Link","@id":"https:\/\/www.mapuche-nation.org\/esp\/#\/schema\/person\/6333043013426b20dfa45bf4b6ae16d9"},"headline":"Ivana Huenelaf: \u201cEn enero ya nos hab\u00edan amenazado con hacernos desaparecer\u201d","datePublished":"2018-10-31T02:37:37+00:00","mainEntityOfPage":{"@id":"https:\/\/www.mapuche-nation.org\/esp\/ivana-huenelaf-en-enero-ya-nos-habian-amenazado-con-hacernos-desaparecer\/"},"wordCount":2892,"publisher":{"@id":"https:\/\/www.mapuche-nation.org\/esp\/#organization"},"image":{"@id":"https:\/\/www.mapuche-nation.org\/esp\/ivana-huenelaf-en-enero-ya-nos-habian-amenazado-con-hacernos-desaparecer\/#primaryimage"},"thumbnailUrl":"https:\/\/www.mapuche-nation.org\/esp\/wp-content\/uploads\/sites\/5\/2018\/10\/Ivana-Huenelaf-20170905.jpg","articleSection":["Noticias"],"inLanguage":"en-GB"},{"@type":"WebPage","@id":"https:\/\/www.mapuche-nation.org\/esp\/ivana-huenelaf-en-enero-ya-nos-habian-amenazado-con-hacernos-desaparecer\/","url":"https:\/\/www.mapuche-nation.org\/esp\/ivana-huenelaf-en-enero-ya-nos-habian-amenazado-con-hacernos-desaparecer\/","name":"Ivana Huenelaf: \u201cEn enero ya nos hab\u00edan amenazado con hacernos desaparecer\u201d - Enlace Mapuche Internacional","isPartOf":{"@id":"https:\/\/www.mapuche-nation.org\/esp\/#website"},"primaryImageOfPage":{"@id":"https:\/\/www.mapuche-nation.org\/esp\/ivana-huenelaf-en-enero-ya-nos-habian-amenazado-con-hacernos-desaparecer\/#primaryimage"},"image":{"@id":"https:\/\/www.mapuche-nation.org\/esp\/ivana-huenelaf-en-enero-ya-nos-habian-amenazado-con-hacernos-desaparecer\/#primaryimage"},"thumbnailUrl":"https:\/\/www.mapuche-nation.org\/esp\/wp-content\/uploads\/sites\/5\/2018\/10\/Ivana-Huenelaf-20170905.jpg","datePublished":"2018-10-31T02:37:37+00:00","breadcrumb":{"@id":"https:\/\/www.mapuche-nation.org\/esp\/ivana-huenelaf-en-enero-ya-nos-habian-amenazado-con-hacernos-desaparecer\/#breadcrumb"},"inLanguage":"en-GB","potentialAction":[{"@type":"ReadAction","target":["https:\/\/www.mapuche-nation.org\/esp\/ivana-huenelaf-en-enero-ya-nos-habian-amenazado-con-hacernos-desaparecer\/"]}]},{"@type":"ImageObject","inLanguage":"en-GB","@id":"https:\/\/www.mapuche-nation.org\/esp\/ivana-huenelaf-en-enero-ya-nos-habian-amenazado-con-hacernos-desaparecer\/#primaryimage","url":"https:\/\/www.mapuche-nation.org\/esp\/wp-content\/uploads\/sites\/5\/2018\/10\/Ivana-Huenelaf-20170905.jpg","contentUrl":"https:\/\/www.mapuche-nation.org\/esp\/wp-content\/uploads\/sites\/5\/2018\/10\/Ivana-Huenelaf-20170905.jpg","width":800,"height":449},{"@type":"BreadcrumbList","@id":"https:\/\/www.mapuche-nation.org\/esp\/ivana-huenelaf-en-enero-ya-nos-habian-amenazado-con-hacernos-desaparecer\/#breadcrumb","itemListElement":[{"@type":"ListItem","position":1,"name":"Home","item":"https:\/\/www.mapuche-nation.org\/esp\/"},{"@type":"ListItem","position":2,"name":"Ivana Huenelaf: \u201cEn enero ya nos hab\u00edan amenazado con hacernos desaparecer\u201d"}]},{"@type":"WebSite","@id":"https:\/\/www.mapuche-nation.org\/esp\/#website","url":"https:\/\/www.mapuche-nation.org\/esp\/","name":"Enlace Mapuche Internacional","description":"Enlace Mapuche Internacional","publisher":{"@id":"https:\/\/www.mapuche-nation.org\/esp\/#organization"},"potentialAction":[{"@type":"SearchAction","target":{"@type":"EntryPoint","urlTemplate":"https:\/\/www.mapuche-nation.org\/esp\/?s={search_term_string}"},"query-input":{"@type":"PropertyValueSpecification","valueRequired":true,"valueName":"search_term_string"}}],"inLanguage":"en-GB"},{"@type":"Organization","@id":"https:\/\/www.mapuche-nation.org\/esp\/#organization","name":"Enlace Mapuche Internacional","url":"https:\/\/www.mapuche-nation.org\/esp\/","logo":{"@type":"ImageObject","inLanguage":"en-GB","@id":"https:\/\/www.mapuche-nation.org\/esp\/#\/schema\/logo\/image\/","url":"https:\/\/www.mapuche-nation.org\/esp\/wp-content\/uploads\/sites\/5\/2017\/10\/logo-esp.png","contentUrl":"https:\/\/www.mapuche-nation.org\/esp\/wp-content\/uploads\/sites\/5\/2017\/10\/logo-esp.png","width":253,"height":81,"caption":"Enlace Mapuche Internacional"},"image":{"@id":"https:\/\/www.mapuche-nation.org\/esp\/#\/schema\/logo\/image\/"}},{"@type":"Person","@id":"https:\/\/www.mapuche-nation.org\/esp\/#\/schema\/person\/6333043013426b20dfa45bf4b6ae16d9","name":"Mapuche International Link","url":"https:\/\/www.mapuche-nation.org\/esp\/author\/siteadminmil\/"}]}},"_links":{"self":[{"href":"https:\/\/www.mapuche-nation.org\/esp\/wp-json\/wp\/v2\/posts\/739","targetHints":{"allow":["GET"]}}],"collection":[{"href":"https:\/\/www.mapuche-nation.org\/esp\/wp-json\/wp\/v2\/posts"}],"about":[{"href":"https:\/\/www.mapuche-nation.org\/esp\/wp-json\/wp\/v2\/types\/post"}],"author":[{"embeddable":true,"href":"https:\/\/www.mapuche-nation.org\/esp\/wp-json\/wp\/v2\/users\/1"}],"replies":[{"embeddable":true,"href":"https:\/\/www.mapuche-nation.org\/esp\/wp-json\/wp\/v2\/comments?post=739"}],"version-history":[{"count":5,"href":"https:\/\/www.mapuche-nation.org\/esp\/wp-json\/wp\/v2\/posts\/739\/revisions"}],"predecessor-version":[{"id":748,"href":"https:\/\/www.mapuche-nation.org\/esp\/wp-json\/wp\/v2\/posts\/739\/revisions\/748"}],"wp:featuredmedia":[{"embeddable":true,"href":"https:\/\/www.mapuche-nation.org\/esp\/wp-json\/wp\/v2\/media\/740"}],"wp:attachment":[{"href":"https:\/\/www.mapuche-nation.org\/esp\/wp-json\/wp\/v2\/media?parent=739"}],"wp:term":[{"taxonomy":"category","embeddable":true,"href":"https:\/\/www.mapuche-nation.org\/esp\/wp-json\/wp\/v2\/categories?post=739"},{"taxonomy":"post_tag","embeddable":true,"href":"https:\/\/www.mapuche-nation.org\/esp\/wp-json\/wp\/v2\/tags?post=739"}],"curies":[{"name":"wp","href":"https:\/\/api.w.org\/{rel}","templated":true}]}}