{"id":1822,"date":"2024-09-28T15:17:47","date_gmt":"2024-09-28T14:17:47","guid":{"rendered":"https:\/\/www.mapuche-nation.org\/esp\/?p=1822"},"modified":"2024-09-29T03:39:54","modified_gmt":"2024-09-29T02:39:54","slug":"elisa-loncon-y-marcela-cubillos-el-enfrentamiento-de-un-chile-excluyente","status":"publish","type":"post","link":"https:\/\/www.mapuche-nation.org\/esp\/elisa-loncon-y-marcela-cubillos-el-enfrentamiento-de-un-chile-excluyente\/","title":{"rendered":"Elisa Loncon y Marcela Cubillos: el enfrentamiento de un Chile excluyente"},"content":{"rendered":"<h4 class=\"d-the-single__title | common:margin-bottom-25\">Elisa Loncon y Marcela Cubillos: el enfrentamiento de un Chile excluyente<\/h4>\n<p><strong class=\"the-single-author__title\">Por :\u00a0<a class=\"the-single-author__permalink\" href=\"https:\/\/www.elmostrador.cl\/autor\/paula_huenchumil\/\">Paula Huenchumil<\/a><\/strong><small class=\"the-single-author__subtitle\"> (Periodista)<\/small> &#8211; 28 septiembre, 2024<\/p>\n<p><img loading=\"lazy\" decoding=\"async\" class=\"alignnone  wp-image-1823\" src=\"https:\/\/www.mapuche-nation.org\/esp\/wp-content\/uploads\/sites\/5\/2024\/09\/LONCON-CUBILLOS-Septiembre-2024-300x169.jpg\" alt=\"\" width=\"601\" height=\"339\" srcset=\"https:\/\/www.mapuche-nation.org\/esp\/wp-content\/uploads\/sites\/5\/2024\/09\/LONCON-CUBILLOS-Septiembre-2024-300x169.jpg 300w, https:\/\/www.mapuche-nation.org\/esp\/wp-content\/uploads\/sites\/5\/2024\/09\/LONCON-CUBILLOS-Septiembre-2024.jpg 700w\" sizes=\"auto, (max-width: 601px) 100vw, 601px\" \/><\/p>\n<p>El doble est\u00e1ndar es evidente. A Loncon se le cuestionan sus t\u00edtulos, estudios e incluso el a\u00f1o sab\u00e1tico que la Usach le aprob\u00f3. Mientras tanto, Cubillos defiende de forma altanera en televisi\u00f3n sus honorarios millonarios. Si Loncon hubiese hecho lo mismo, \u00bfse la habr\u00eda tachado de \u201cviolenta\u201d?<\/p>\n<p>Cubillos, amparada en sus privilegios, no fue cuestionada como acad\u00e9mica hasta que se revel\u00f3 su abultado sueldo. En cambio, a Elisa Loncon se le puso en duda desde el inicio de su liderazgo en la Convenci\u00f3n, exponiendo el racismo en este pa\u00eds.<\/p>\n<p>En 2022, mientras se desarrollaba la Convenci\u00f3n Constitucional, Marcela Cubillos calific\u00f3 el proyecto como \u201cel s\u00edmbolo de la desigualdad\u201d. Curioso.<\/p>\n<p>En la d\u00e9cada de los 70, el intelectual boliviano Fausto Reinaga, en su obra\u00a0<em>La revoluci\u00f3n india<\/em>, escribi\u00f3: \u201cEl indio, aunque haya alcanzado por casualidad el mismo \u2018doctorado\u2019, carga su \u2018cultura india\u2019 de la cuna al sepulcro\u201d.<\/p>\n<p>Estas palabras cobran relevancia al reflexionar sobre el trato que ha recibido Elisa Loncon desde que asumi\u00f3 la presidencia de la Convenci\u00f3n Constitucional en el a\u00f1o 2021. Desde el primer momento, sus capacidades fueron puestas en duda, a pesar de su amplia trayectoria acad\u00e9mica y social. Loncon cuenta con dos doctorados\u00a0\u2013uno en Humanidades por la Universidad de Leiden y otro en Literatura por la Pontificia Universidad Cat\u00f3lica de Chile\u2013, adem\u00e1s de un Mag\u00edster en Ling\u00fc\u00edstica de la UNAM. Pero todo esto parece irrelevante cuando se enfrenta a un obst\u00e1culo ineludible: es ind\u00edgena.<\/p>\n<p>\u00bfPor qu\u00e9 ese \u201cpero\u201d? Porque una mujer mapuche, morena, con cabello negro, que a menudo viste atuendos y joyas tradicionales, simplemente no encaja en los espacios de poder de este pa\u00eds. Su presencia incomoda y su intelecto es menospreciado bajo el peso de prejuicios raciales. Las dudas sobre Elisa Loncon no surgieron en 2023 con la solicitud de Transparencia para revisar sus \u201cantecedentes acad\u00e9micos\u201d. Estas comenzaron el d\u00eda en que una mujer mapuche ocup\u00f3 por primera vez un puesto de liderazgo en la pol\u00edtica chilena.<\/p>\n<p>El racismo, siempre latente, se hizo visible. En redes sociales, las cr\u00edticas fueron crueles: desde comentarios sobre su apariencia hasta rid\u00edculas burlas sobre su uso de un iPhone, como si la tecnolog\u00eda moderna y la identidad ind\u00edgena fueran incompatibles. \u201cElisa Loncon usando su iPhone 13 ancestral\u201d, escrib\u00edan con desprecio. Una reacci\u00f3n que, como bien se\u00f1alan Arteaga y Gonz\u00e1lez (2005), revela la visi\u00f3n arcaica y paternalista de los medios, que a\u00fan ven a los pueblos ind\u00edgenas como \u201cde otro tiempo\u201d.<\/p>\n<p>Pero el racismo no se limit\u00f3 a las redes sociales. Dentro de la misma Convenci\u00f3n, Cubillos atac\u00f3 directamente a Loncon y a la machi Francisca Linconao, sugiriendo que gozaban de \u201cprivilegios\u201d. Esto resulta ir\u00f3nico, considerando que Cubillos, hija de Hern\u00e1n Cubillos, exministro de Relaciones Exteriores durante la dictadura militar, ha crecido en un entorno de privilegios. A pesar de no contar con estudios de postgrado, ha sido beneficiada con sueldos abultados como acad\u00e9mica en la Universidad San Sebasti\u00e1n, donde recibe un 21% m\u00e1s de lo que\u00a0<a href=\"https:\/\/interferencia.cl\/articulos\/marcela-cubillos-gano-en-u-san-sebastian-un-21-mas-de-lo-que-paga-harvard\" target=\"_blank\" rel=\"noopener\">Harvard<\/a>\u00a0paga a sus profesores. Y, sin embargo, es ella quien habla de desigualdad.<\/p>\n<p>El doble est\u00e1ndar es evidente. A Loncon se le cuestionan sus t\u00edtulos, estudios e incluso el a\u00f1o sab\u00e1tico que la Usach le aprob\u00f3. Mientras tanto, Cubillos defiende de forma altanera en televisi\u00f3n sus honorarios millonarios. Si Loncon hubiese hecho lo mismo, \u00bfse la habr\u00eda tachado de \u201cviolenta\u201d por su identidad mapuche?<\/p>\n<p>La historia de vida de Loncon ilustra la realidad de muchos ni\u00f1os y ni\u00f1as en los campos de Chile. Estudi\u00f3 hasta cuarto b\u00e1sico en la escuela de su comunidad y luego continu\u00f3 en el Liceo de Ni\u00f1as de Traigu\u00e9n. Su paso por la universidad coincidi\u00f3 con la dictadura militar, mientras el padre de Cubillos estaba en el poder.<\/p>\n<p>Elisa vivi\u00f3 la pobreza de primera mano, al punto de tener que abandonar la Universidad Cat\u00f3lica de Temuco por no poder costear los pasajes de transporte. Finalmente, logr\u00f3 terminar sus estudios de pregrado en la Universidad de La Frontera.<\/p>\n<p>Marcela Cubillos, educada en colegios exclusivos como Los Andes y La Maisonnette, y titulada en Derecho por la Universidad Cat\u00f3lica, sin doctorado ni publicaciones cient\u00edficas, ha ocupado cargos de ministra, profesora universitaria y diputada. Mi juicio no es \u201cacademicista\u201d, sino una reflexi\u00f3n inevitable: \u00bfy si Elisa Loncon no hubiera tenido sus t\u00edtulos al asumir un cargo p\u00fablico? \u00bfHabr\u00eda recibido la misma consideraci\u00f3n o, por el contrario, habr\u00eda enfrentado a\u00fan m\u00e1s prejuicios?<\/p>\n<p>Hoy la trayectoria de Elisa Loncon es motivo de orgullo para muchos, pero una amenaza para otros. Representa un desaf\u00edo para una \u00e9lite que no puede concebir a una mujer ind\u00edgena en el poder. Como dijo en una entrevista para el libro\u00a0<em>Agitadoras<\/em>: \u201cLa gente tiene instalado el racismo. La derecha conservadora chilena es guardiana del colonialismo, porque el sistema colonial los favoreci\u00f3 y los hizo se\u00f1ores\u201d.<\/p>\n<p>Juan Manuel Zolezzi, exrector de la Usach y exvicepresidente del CRUCh, deja clara la imposibilidad de comparar a Marcela Cubillos con Elisa Loncon. La acad\u00e9mica mapuche cuenta con 952 citas acad\u00e9micas, Marcela Cubillos no tiene ninguna. Adem\u00e1s, Loncon fue seleccionada como una de las 25 mujeres m\u00e1s influyentes de 2021 por el\u00a0<em>Financial Times<\/em>, y la\u00a0<em>BBC<\/em>\u00a0la incluy\u00f3 en su lista de las 100 mujeres del a\u00f1o. \u201cAunque creci\u00f3 en medio de la pobreza y enfrentando discriminaci\u00f3n \u00e9tnica end\u00e9mica, tiene un doctorado en Humanidades y es profesora en la Universidad de Santiago\u201d, escribi\u00f3 la\u00a0<em>BBC<\/em>.<\/p>\n<p>As\u00ed es como la figura de Marcela Cubillos, con todos sus privilegios intactos, ha pasado \u201cdesapercibida\u201d hasta que se conoci\u00f3 esta informaci\u00f3n. El caso de Elisa Loncon expone el racismo estructural que a\u00fan permea nuestra sociedad. En este pa\u00eds, uno de los verdaderos \u201cs\u00edmbolos de la desigualdad\u201d es qui\u00e9n tiene permitido el poder y qui\u00e9n no.<\/p>\n<p><span style=\"color: #ff0000; font-size: 10pt;\">______________________________<\/span><\/p>\n<p><em><span style=\"color: #ff0000;\">Fuente:<\/span> <a href=\"https:\/\/www.elmostrador.cl\/noticias\/opinion\/columnas\/2024\/09\/28\/elisa-loncon-y-marcela-cubillos-el-enfrentamiento-de-un-chile-excluyente\/\">El Mostrador<\/a><\/em><\/p>\n","protected":false},"excerpt":{"rendered":"<p>Elisa Loncon y Marcela Cubillos: el enfrentamiento de un Chile excluyente Por :\u00a0Paula Huenchumil (Periodista) &#8211; 28 septiembre, 2024 El doble est\u00e1ndar es evidente. A Loncon se le cuestionan sus t\u00edtulos, estudios e incluso el a\u00f1o sab\u00e1tico que la Usach le aprob\u00f3. Mientras tanto, Cubillos defiende de forma altanera en televisi\u00f3n sus honorarios millonarios. Si [&hellip;]<\/p>\n","protected":false},"author":1,"featured_media":1823,"comment_status":"closed","ping_status":"open","sticky":false,"template":"","format":"standard","meta":{"footnotes":""},"categories":[6,3],"tags":[77,171,173,17,172,16],"class_list":["post-1822","post","type-post","status-publish","format-standard","has-post-thumbnail","hentry","category-articulo-destacado","category-noticias","tag-chile","tag-elisa-loncon","tag-excluyente","tag-mapuche","tag-marcela-cubillos","tag-wallmapu"],"yoast_head":"<!-- This site is optimized with the Yoast SEO plugin v27.5 - https:\/\/yoast.com\/product\/yoast-seo-wordpress\/ -->\n<title>Elisa Loncon y Marcela Cubillos: el enfrentamiento de un Chile excluyente - Enlace Mapuche Internacional<\/title>\n<meta name=\"description\" content=\"Cubillos, amparada en sus privilegios, no fue cuestionada como acad\u00e9mica hasta que se revel\u00f3 su abultado sueldo. En cambio, a Elisa Loncon se le puso en duda desde el inicio de su liderazgo en la Convenci\u00f3n, exponiendo el racismo en este pa\u00eds.\" \/>\n<meta name=\"robots\" content=\"index, follow, max-snippet:-1, max-image-preview:large, max-video-preview:-1\" \/>\n<link rel=\"canonical\" href=\"https:\/\/www.mapuche-nation.org\/esp\/elisa-loncon-y-marcela-cubillos-el-enfrentamiento-de-un-chile-excluyente\/\" \/>\n<meta property=\"og:locale\" content=\"en_GB\" \/>\n<meta property=\"og:type\" content=\"article\" \/>\n<meta property=\"og:title\" content=\"Elisa Loncon y Marcela Cubillos: el enfrentamiento de un Chile excluyente - Enlace Mapuche Internacional\" \/>\n<meta property=\"og:description\" content=\"Cubillos, amparada en sus privilegios, no fue cuestionada como acad\u00e9mica hasta que se revel\u00f3 su abultado sueldo. En cambio, a Elisa Loncon se le puso en duda desde el inicio de su liderazgo en la Convenci\u00f3n, exponiendo el racismo en este pa\u00eds.\" \/>\n<meta property=\"og:url\" content=\"https:\/\/www.mapuche-nation.org\/esp\/elisa-loncon-y-marcela-cubillos-el-enfrentamiento-de-un-chile-excluyente\/\" \/>\n<meta property=\"og:site_name\" content=\"Enlace Mapuche Internacional\" \/>\n<meta property=\"article:published_time\" content=\"2024-09-28T14:17:47+00:00\" \/>\n<meta property=\"article:modified_time\" content=\"2024-09-29T02:39:54+00:00\" \/>\n<meta property=\"og:image\" content=\"https:\/\/www.mapuche-nation.org\/esp\/wp-content\/uploads\/sites\/5\/2024\/09\/LONCON-CUBILLOS-Septiembre-2024.jpg\" \/>\n\t<meta property=\"og:image:width\" content=\"700\" \/>\n\t<meta property=\"og:image:height\" content=\"394\" \/>\n\t<meta property=\"og:image:type\" content=\"image\/jpeg\" \/>\n<meta name=\"author\" content=\"Mapuche International Link\" \/>\n<meta name=\"twitter:card\" content=\"summary_large_image\" \/>\n<meta name=\"twitter:label1\" content=\"Written by\" \/>\n\t<meta name=\"twitter:data1\" content=\"Mapuche International Link\" \/>\n\t<meta name=\"twitter:label2\" content=\"Estimated reading time\" \/>\n\t<meta name=\"twitter:data2\" content=\"5 minutes\" \/>\n<script type=\"application\/ld+json\" class=\"yoast-schema-graph\">{\"@context\":\"https:\\\/\\\/schema.org\",\"@graph\":[{\"@type\":\"Article\",\"@id\":\"https:\\\/\\\/www.mapuche-nation.org\\\/esp\\\/elisa-loncon-y-marcela-cubillos-el-enfrentamiento-de-un-chile-excluyente\\\/#article\",\"isPartOf\":{\"@id\":\"https:\\\/\\\/www.mapuche-nation.org\\\/esp\\\/elisa-loncon-y-marcela-cubillos-el-enfrentamiento-de-un-chile-excluyente\\\/\"},\"author\":{\"name\":\"Mapuche International Link\",\"@id\":\"https:\\\/\\\/www.mapuche-nation.org\\\/esp\\\/#\\\/schema\\\/person\\\/6333043013426b20dfa45bf4b6ae16d9\"},\"headline\":\"Elisa Loncon y Marcela Cubillos: el enfrentamiento de un Chile excluyente\",\"datePublished\":\"2024-09-28T14:17:47+00:00\",\"dateModified\":\"2024-09-29T02:39:54+00:00\",\"mainEntityOfPage\":{\"@id\":\"https:\\\/\\\/www.mapuche-nation.org\\\/esp\\\/elisa-loncon-y-marcela-cubillos-el-enfrentamiento-de-un-chile-excluyente\\\/\"},\"wordCount\":1042,\"publisher\":{\"@id\":\"https:\\\/\\\/www.mapuche-nation.org\\\/esp\\\/#organization\"},\"image\":{\"@id\":\"https:\\\/\\\/www.mapuche-nation.org\\\/esp\\\/elisa-loncon-y-marcela-cubillos-el-enfrentamiento-de-un-chile-excluyente\\\/#primaryimage\"},\"thumbnailUrl\":\"https:\\\/\\\/www.mapuche-nation.org\\\/esp\\\/wp-content\\\/uploads\\\/sites\\\/5\\\/2024\\\/09\\\/LONCON-CUBILLOS-Septiembre-2024.jpg\",\"keywords\":[\"Chile\",\"Elisa Loncon\",\"excluyente\",\"Mapuche\",\"Marcela Cubillos\",\"Wallmapu\"],\"articleSection\":[\"Art\u00edculo Destacado\",\"Noticias\"],\"inLanguage\":\"en-GB\"},{\"@type\":\"WebPage\",\"@id\":\"https:\\\/\\\/www.mapuche-nation.org\\\/esp\\\/elisa-loncon-y-marcela-cubillos-el-enfrentamiento-de-un-chile-excluyente\\\/\",\"url\":\"https:\\\/\\\/www.mapuche-nation.org\\\/esp\\\/elisa-loncon-y-marcela-cubillos-el-enfrentamiento-de-un-chile-excluyente\\\/\",\"name\":\"Elisa Loncon y Marcela Cubillos: el enfrentamiento de un Chile excluyente - Enlace Mapuche Internacional\",\"isPartOf\":{\"@id\":\"https:\\\/\\\/www.mapuche-nation.org\\\/esp\\\/#website\"},\"primaryImageOfPage\":{\"@id\":\"https:\\\/\\\/www.mapuche-nation.org\\\/esp\\\/elisa-loncon-y-marcela-cubillos-el-enfrentamiento-de-un-chile-excluyente\\\/#primaryimage\"},\"image\":{\"@id\":\"https:\\\/\\\/www.mapuche-nation.org\\\/esp\\\/elisa-loncon-y-marcela-cubillos-el-enfrentamiento-de-un-chile-excluyente\\\/#primaryimage\"},\"thumbnailUrl\":\"https:\\\/\\\/www.mapuche-nation.org\\\/esp\\\/wp-content\\\/uploads\\\/sites\\\/5\\\/2024\\\/09\\\/LONCON-CUBILLOS-Septiembre-2024.jpg\",\"datePublished\":\"2024-09-28T14:17:47+00:00\",\"dateModified\":\"2024-09-29T02:39:54+00:00\",\"description\":\"Cubillos, amparada en sus privilegios, no fue cuestionada como acad\u00e9mica hasta que se revel\u00f3 su abultado sueldo. En cambio, a Elisa Loncon se le puso en duda desde el inicio de su liderazgo en la Convenci\u00f3n, exponiendo el racismo en este pa\u00eds.\",\"breadcrumb\":{\"@id\":\"https:\\\/\\\/www.mapuche-nation.org\\\/esp\\\/elisa-loncon-y-marcela-cubillos-el-enfrentamiento-de-un-chile-excluyente\\\/#breadcrumb\"},\"inLanguage\":\"en-GB\",\"potentialAction\":[{\"@type\":\"ReadAction\",\"target\":[\"https:\\\/\\\/www.mapuche-nation.org\\\/esp\\\/elisa-loncon-y-marcela-cubillos-el-enfrentamiento-de-un-chile-excluyente\\\/\"]}]},{\"@type\":\"ImageObject\",\"inLanguage\":\"en-GB\",\"@id\":\"https:\\\/\\\/www.mapuche-nation.org\\\/esp\\\/elisa-loncon-y-marcela-cubillos-el-enfrentamiento-de-un-chile-excluyente\\\/#primaryimage\",\"url\":\"https:\\\/\\\/www.mapuche-nation.org\\\/esp\\\/wp-content\\\/uploads\\\/sites\\\/5\\\/2024\\\/09\\\/LONCON-CUBILLOS-Septiembre-2024.jpg\",\"contentUrl\":\"https:\\\/\\\/www.mapuche-nation.org\\\/esp\\\/wp-content\\\/uploads\\\/sites\\\/5\\\/2024\\\/09\\\/LONCON-CUBILLOS-Septiembre-2024.jpg\",\"width\":700,\"height\":394},{\"@type\":\"BreadcrumbList\",\"@id\":\"https:\\\/\\\/www.mapuche-nation.org\\\/esp\\\/elisa-loncon-y-marcela-cubillos-el-enfrentamiento-de-un-chile-excluyente\\\/#breadcrumb\",\"itemListElement\":[{\"@type\":\"ListItem\",\"position\":1,\"name\":\"Home\",\"item\":\"https:\\\/\\\/www.mapuche-nation.org\\\/esp\\\/\"},{\"@type\":\"ListItem\",\"position\":2,\"name\":\"Elisa Loncon y Marcela Cubillos: el enfrentamiento de un Chile excluyente\"}]},{\"@type\":\"WebSite\",\"@id\":\"https:\\\/\\\/www.mapuche-nation.org\\\/esp\\\/#website\",\"url\":\"https:\\\/\\\/www.mapuche-nation.org\\\/esp\\\/\",\"name\":\"Enlace Mapuche Internacional\",\"description\":\"Enlace Mapuche Internacional\",\"publisher\":{\"@id\":\"https:\\\/\\\/www.mapuche-nation.org\\\/esp\\\/#organization\"},\"potentialAction\":[{\"@type\":\"SearchAction\",\"target\":{\"@type\":\"EntryPoint\",\"urlTemplate\":\"https:\\\/\\\/www.mapuche-nation.org\\\/esp\\\/?s={search_term_string}\"},\"query-input\":{\"@type\":\"PropertyValueSpecification\",\"valueRequired\":true,\"valueName\":\"search_term_string\"}}],\"inLanguage\":\"en-GB\"},{\"@type\":\"Organization\",\"@id\":\"https:\\\/\\\/www.mapuche-nation.org\\\/esp\\\/#organization\",\"name\":\"Enlace Mapuche Internacional\",\"url\":\"https:\\\/\\\/www.mapuche-nation.org\\\/esp\\\/\",\"logo\":{\"@type\":\"ImageObject\",\"inLanguage\":\"en-GB\",\"@id\":\"https:\\\/\\\/www.mapuche-nation.org\\\/esp\\\/#\\\/schema\\\/logo\\\/image\\\/\",\"url\":\"https:\\\/\\\/www.mapuche-nation.org\\\/esp\\\/wp-content\\\/uploads\\\/sites\\\/5\\\/2017\\\/10\\\/logo-esp.png\",\"contentUrl\":\"https:\\\/\\\/www.mapuche-nation.org\\\/esp\\\/wp-content\\\/uploads\\\/sites\\\/5\\\/2017\\\/10\\\/logo-esp.png\",\"width\":253,\"height\":81,\"caption\":\"Enlace Mapuche Internacional\"},\"image\":{\"@id\":\"https:\\\/\\\/www.mapuche-nation.org\\\/esp\\\/#\\\/schema\\\/logo\\\/image\\\/\"}},{\"@type\":\"Person\",\"@id\":\"https:\\\/\\\/www.mapuche-nation.org\\\/esp\\\/#\\\/schema\\\/person\\\/6333043013426b20dfa45bf4b6ae16d9\",\"name\":\"Mapuche International Link\",\"url\":\"https:\\\/\\\/www.mapuche-nation.org\\\/esp\\\/author\\\/siteadminmil\\\/\"}]}<\/script>\n<!-- \/ Yoast SEO plugin. -->","yoast_head_json":{"title":"Elisa Loncon y Marcela Cubillos: el enfrentamiento de un Chile excluyente - Enlace Mapuche Internacional","description":"Cubillos, amparada en sus privilegios, no fue cuestionada como acad\u00e9mica hasta que se revel\u00f3 su abultado sueldo. En cambio, a Elisa Loncon se le puso en duda desde el inicio de su liderazgo en la Convenci\u00f3n, exponiendo el racismo en este pa\u00eds.","robots":{"index":"index","follow":"follow","max-snippet":"max-snippet:-1","max-image-preview":"max-image-preview:large","max-video-preview":"max-video-preview:-1"},"canonical":"https:\/\/www.mapuche-nation.org\/esp\/elisa-loncon-y-marcela-cubillos-el-enfrentamiento-de-un-chile-excluyente\/","og_locale":"en_GB","og_type":"article","og_title":"Elisa Loncon y Marcela Cubillos: el enfrentamiento de un Chile excluyente - Enlace Mapuche Internacional","og_description":"Cubillos, amparada en sus privilegios, no fue cuestionada como acad\u00e9mica hasta que se revel\u00f3 su abultado sueldo. En cambio, a Elisa Loncon se le puso en duda desde el inicio de su liderazgo en la Convenci\u00f3n, exponiendo el racismo en este pa\u00eds.","og_url":"https:\/\/www.mapuche-nation.org\/esp\/elisa-loncon-y-marcela-cubillos-el-enfrentamiento-de-un-chile-excluyente\/","og_site_name":"Enlace Mapuche Internacional","article_published_time":"2024-09-28T14:17:47+00:00","article_modified_time":"2024-09-29T02:39:54+00:00","og_image":[{"width":700,"height":394,"url":"https:\/\/www.mapuche-nation.org\/esp\/wp-content\/uploads\/sites\/5\/2024\/09\/LONCON-CUBILLOS-Septiembre-2024.jpg","type":"image\/jpeg"}],"author":"Mapuche International Link","twitter_card":"summary_large_image","twitter_misc":{"Written by":"Mapuche International Link","Estimated reading time":"5 minutes"},"schema":{"@context":"https:\/\/schema.org","@graph":[{"@type":"Article","@id":"https:\/\/www.mapuche-nation.org\/esp\/elisa-loncon-y-marcela-cubillos-el-enfrentamiento-de-un-chile-excluyente\/#article","isPartOf":{"@id":"https:\/\/www.mapuche-nation.org\/esp\/elisa-loncon-y-marcela-cubillos-el-enfrentamiento-de-un-chile-excluyente\/"},"author":{"name":"Mapuche International Link","@id":"https:\/\/www.mapuche-nation.org\/esp\/#\/schema\/person\/6333043013426b20dfa45bf4b6ae16d9"},"headline":"Elisa Loncon y Marcela Cubillos: el enfrentamiento de un Chile excluyente","datePublished":"2024-09-28T14:17:47+00:00","dateModified":"2024-09-29T02:39:54+00:00","mainEntityOfPage":{"@id":"https:\/\/www.mapuche-nation.org\/esp\/elisa-loncon-y-marcela-cubillos-el-enfrentamiento-de-un-chile-excluyente\/"},"wordCount":1042,"publisher":{"@id":"https:\/\/www.mapuche-nation.org\/esp\/#organization"},"image":{"@id":"https:\/\/www.mapuche-nation.org\/esp\/elisa-loncon-y-marcela-cubillos-el-enfrentamiento-de-un-chile-excluyente\/#primaryimage"},"thumbnailUrl":"https:\/\/www.mapuche-nation.org\/esp\/wp-content\/uploads\/sites\/5\/2024\/09\/LONCON-CUBILLOS-Septiembre-2024.jpg","keywords":["Chile","Elisa Loncon","excluyente","Mapuche","Marcela Cubillos","Wallmapu"],"articleSection":["Art\u00edculo Destacado","Noticias"],"inLanguage":"en-GB"},{"@type":"WebPage","@id":"https:\/\/www.mapuche-nation.org\/esp\/elisa-loncon-y-marcela-cubillos-el-enfrentamiento-de-un-chile-excluyente\/","url":"https:\/\/www.mapuche-nation.org\/esp\/elisa-loncon-y-marcela-cubillos-el-enfrentamiento-de-un-chile-excluyente\/","name":"Elisa Loncon y Marcela Cubillos: el enfrentamiento de un Chile excluyente - Enlace Mapuche Internacional","isPartOf":{"@id":"https:\/\/www.mapuche-nation.org\/esp\/#website"},"primaryImageOfPage":{"@id":"https:\/\/www.mapuche-nation.org\/esp\/elisa-loncon-y-marcela-cubillos-el-enfrentamiento-de-un-chile-excluyente\/#primaryimage"},"image":{"@id":"https:\/\/www.mapuche-nation.org\/esp\/elisa-loncon-y-marcela-cubillos-el-enfrentamiento-de-un-chile-excluyente\/#primaryimage"},"thumbnailUrl":"https:\/\/www.mapuche-nation.org\/esp\/wp-content\/uploads\/sites\/5\/2024\/09\/LONCON-CUBILLOS-Septiembre-2024.jpg","datePublished":"2024-09-28T14:17:47+00:00","dateModified":"2024-09-29T02:39:54+00:00","description":"Cubillos, amparada en sus privilegios, no fue cuestionada como acad\u00e9mica hasta que se revel\u00f3 su abultado sueldo. En cambio, a Elisa Loncon se le puso en duda desde el inicio de su liderazgo en la Convenci\u00f3n, exponiendo el racismo en este pa\u00eds.","breadcrumb":{"@id":"https:\/\/www.mapuche-nation.org\/esp\/elisa-loncon-y-marcela-cubillos-el-enfrentamiento-de-un-chile-excluyente\/#breadcrumb"},"inLanguage":"en-GB","potentialAction":[{"@type":"ReadAction","target":["https:\/\/www.mapuche-nation.org\/esp\/elisa-loncon-y-marcela-cubillos-el-enfrentamiento-de-un-chile-excluyente\/"]}]},{"@type":"ImageObject","inLanguage":"en-GB","@id":"https:\/\/www.mapuche-nation.org\/esp\/elisa-loncon-y-marcela-cubillos-el-enfrentamiento-de-un-chile-excluyente\/#primaryimage","url":"https:\/\/www.mapuche-nation.org\/esp\/wp-content\/uploads\/sites\/5\/2024\/09\/LONCON-CUBILLOS-Septiembre-2024.jpg","contentUrl":"https:\/\/www.mapuche-nation.org\/esp\/wp-content\/uploads\/sites\/5\/2024\/09\/LONCON-CUBILLOS-Septiembre-2024.jpg","width":700,"height":394},{"@type":"BreadcrumbList","@id":"https:\/\/www.mapuche-nation.org\/esp\/elisa-loncon-y-marcela-cubillos-el-enfrentamiento-de-un-chile-excluyente\/#breadcrumb","itemListElement":[{"@type":"ListItem","position":1,"name":"Home","item":"https:\/\/www.mapuche-nation.org\/esp\/"},{"@type":"ListItem","position":2,"name":"Elisa Loncon y Marcela Cubillos: el enfrentamiento de un Chile excluyente"}]},{"@type":"WebSite","@id":"https:\/\/www.mapuche-nation.org\/esp\/#website","url":"https:\/\/www.mapuche-nation.org\/esp\/","name":"Enlace Mapuche Internacional","description":"Enlace Mapuche Internacional","publisher":{"@id":"https:\/\/www.mapuche-nation.org\/esp\/#organization"},"potentialAction":[{"@type":"SearchAction","target":{"@type":"EntryPoint","urlTemplate":"https:\/\/www.mapuche-nation.org\/esp\/?s={search_term_string}"},"query-input":{"@type":"PropertyValueSpecification","valueRequired":true,"valueName":"search_term_string"}}],"inLanguage":"en-GB"},{"@type":"Organization","@id":"https:\/\/www.mapuche-nation.org\/esp\/#organization","name":"Enlace Mapuche Internacional","url":"https:\/\/www.mapuche-nation.org\/esp\/","logo":{"@type":"ImageObject","inLanguage":"en-GB","@id":"https:\/\/www.mapuche-nation.org\/esp\/#\/schema\/logo\/image\/","url":"https:\/\/www.mapuche-nation.org\/esp\/wp-content\/uploads\/sites\/5\/2017\/10\/logo-esp.png","contentUrl":"https:\/\/www.mapuche-nation.org\/esp\/wp-content\/uploads\/sites\/5\/2017\/10\/logo-esp.png","width":253,"height":81,"caption":"Enlace Mapuche Internacional"},"image":{"@id":"https:\/\/www.mapuche-nation.org\/esp\/#\/schema\/logo\/image\/"}},{"@type":"Person","@id":"https:\/\/www.mapuche-nation.org\/esp\/#\/schema\/person\/6333043013426b20dfa45bf4b6ae16d9","name":"Mapuche International Link","url":"https:\/\/www.mapuche-nation.org\/esp\/author\/siteadminmil\/"}]}},"_links":{"self":[{"href":"https:\/\/www.mapuche-nation.org\/esp\/wp-json\/wp\/v2\/posts\/1822","targetHints":{"allow":["GET"]}}],"collection":[{"href":"https:\/\/www.mapuche-nation.org\/esp\/wp-json\/wp\/v2\/posts"}],"about":[{"href":"https:\/\/www.mapuche-nation.org\/esp\/wp-json\/wp\/v2\/types\/post"}],"author":[{"embeddable":true,"href":"https:\/\/www.mapuche-nation.org\/esp\/wp-json\/wp\/v2\/users\/1"}],"replies":[{"embeddable":true,"href":"https:\/\/www.mapuche-nation.org\/esp\/wp-json\/wp\/v2\/comments?post=1822"}],"version-history":[{"count":3,"href":"https:\/\/www.mapuche-nation.org\/esp\/wp-json\/wp\/v2\/posts\/1822\/revisions"}],"predecessor-version":[{"id":1826,"href":"https:\/\/www.mapuche-nation.org\/esp\/wp-json\/wp\/v2\/posts\/1822\/revisions\/1826"}],"wp:featuredmedia":[{"embeddable":true,"href":"https:\/\/www.mapuche-nation.org\/esp\/wp-json\/wp\/v2\/media\/1823"}],"wp:attachment":[{"href":"https:\/\/www.mapuche-nation.org\/esp\/wp-json\/wp\/v2\/media?parent=1822"}],"wp:term":[{"taxonomy":"category","embeddable":true,"href":"https:\/\/www.mapuche-nation.org\/esp\/wp-json\/wp\/v2\/categories?post=1822"},{"taxonomy":"post_tag","embeddable":true,"href":"https:\/\/www.mapuche-nation.org\/esp\/wp-json\/wp\/v2\/tags?post=1822"}],"curies":[{"name":"wp","href":"https:\/\/api.w.org\/{rel}","templated":true}]}}