{"id":159,"date":"2017-10-21T16:43:51","date_gmt":"2017-10-21T16:43:51","guid":{"rendered":"http:\/\/www.mapuche-nation.org\/esp\/?p=159"},"modified":"2017-10-21T20:01:54","modified_gmt":"2017-10-21T20:01:54","slug":"la-comunidad-mapuche-teme-represalias-tras-la-aparicion-del-cuerpo-de-santiago-maldonado","status":"publish","type":"post","link":"https:\/\/www.mapuche-nation.org\/esp\/la-comunidad-mapuche-teme-represalias-tras-la-aparicion-del-cuerpo-de-santiago-maldonado\/","title":{"rendered":"La comunidad mapuche teme represalias tras la aparici\u00f3n del cuerpo de Santiago Maldonado"},"content":{"rendered":"<table style=\"width: 805px; height: 33px;\">\n<tbody>\n<tr>\n<td style=\"width: 273.08px;\"><a class=\"thickbox\" id=\"set-post-thumbnail\" aria-describedby=\"set-post-thumbnail-desc\" href=\"https:\/\/www.mapuche-nation.org\/esp\/wp-admin\/media-upload.php?post_id=159&amp;type=image&amp;TB_iframe=1\"><img loading=\"lazy\" decoding=\"async\" width=\"253\" height=\"81\" class=\"attachment-266x266 size-266x266\" alt=\"\" src=\"https:\/\/www.mapuche-nation.org\/esp\/wp-content\/uploads\/sites\/5\/2017\/10\/logo-esp.png\"><\/a><u><\/u><\/td>\n<td style=\"width: 514.92px;\"><span style=\"box-sizing: inherit; color: #333333; font-style: normal; font-variant-ligatures: normal; font-variant-caps: normal; font-weight: normal; letter-spacing: normal; orphans: 2; text-align: start; text-indent: 0px; text-transform: none; white-space: normal; widows: 2; word-spacing: 0px; -webkit-text-stroke-width: 0px; background-color: #ffffff; text-decoration-style: initial; text-decoration-color: initial; font-family: arial, helvetica, sans-serif; font-size: 10pt;\">6 Lodge Street,&nbsp;<\/span><span style=\"box-sizing: inherit; color: #333333; font-style: normal; font-variant-ligatures: normal; font-variant-caps: normal; font-weight: normal; letter-spacing: normal; orphans: 2; text-align: start; text-indent: 0px; text-transform: none; white-space: normal; widows: 2; word-spacing: 0px; -webkit-text-stroke-width: 0px; background-color: #ffffff; text-decoration-style: initial; text-decoration-color: initial; font-family: arial, helvetica, sans-serif; font-size: 10pt;\">Bristol BS1 5LR, Reino Unido<br \/>\n<\/span><span style=\"box-sizing: inherit; color: #333333; font-style: normal; font-variant-ligatures: normal; font-variant-caps: normal; font-weight: normal; letter-spacing: normal; orphans: 2; text-align: start; text-indent: 0px; text-transform: none; white-space: normal; widows: 2; word-spacing: 0px; -webkit-text-stroke-width: 0px; background-color: #ffffff; text-decoration-style: initial; text-decoration-color: initial; font-family: arial, helvetica, sans-serif; font-size: 10pt;\">Tel: +44 (0) 117 927 9391<br \/>\n<\/span><span style=\"box-sizing: inherit; color: #333333; font-style: normal; font-variant-ligatures: normal; font-variant-caps: normal; font-weight: normal; letter-spacing: normal; orphans: 2; text-align: start; text-indent: 0px; text-transform: none; white-space: normal; widows: 2; word-spacing: 0px; -webkit-text-stroke-width: 0px; background-color: #ffffff; text-decoration-style: initial; text-decoration-color: initial; font-family: arial, helvetica, sans-serif; font-size: 10pt;\">E-mail: mil@mapuche-nation.org<br \/>\n<\/span><span style=\"box-sizing: inherit; color: #333333; font-style: normal; font-variant-ligatures: normal; font-variant-caps: normal; font-weight: normal; letter-spacing: normal; orphans: 2; text-align: start; text-indent: 0px; text-transform: none; white-space: normal; widows: 2; word-spacing: 0px; -webkit-text-stroke-width: 0px; background-color: #ffffff; text-decoration-style: initial; text-decoration-color: initial; font-family: arial, helvetica, sans-serif; font-size: 10pt;\">Website:&nbsp;<a style=\"box-sizing: inherit; background-color: transparent; color: #333333; text-decoration: none; font-weight: 500;\" href=\"https:\/\/www.mapuche-nation.org\/\">www.mapuche-nation.org<\/a><\/span><u><\/u><\/td>\n<\/tr>\n<\/tbody>\n<\/table>\n<p style=\"margin: 0px;\"><strong style=\"mso-bidi-font-weight: normal;\"><span lang=\"ES-TRAD\" style=\"margin: 0px; font-family: Arial;\"><span style=\"color: #000000; font-size: medium;\"><br \/>\nMIL &#8211; Comunicado de Prensa &#8211; 20 de octubre, 2017&nbsp;<\/span><\/span><\/strong><\/p>\n<p style=\"margin: 0px;\"><span lang=\"ES-TRAD\" style=\"margin: 0px; font-family: Arial;\"><span style=\"color: #000000; font-size: medium;\"><br \/>\nEl 18 de octubre pasado un cad\u00e1ver fue encontrado en el r\u00edo Chubut en Argentina. El d\u00eda 20 la familia confirm\u00f3 que el cuerpo era de Santiago Maldonado, un joven activista que desapareci\u00f3 tras participar en una protesta de una comunidad mapuche que reclama tierras ocupadas por la multinacional Benetton.<\/span><\/span><\/p>\n<p style=\"margin: 0px;\"><span lang=\"ES-TRAD\" style=\"margin: 0px; font-family: Arial;\"><span style=\"color: #000000; font-size: medium;\">T<\/span><\/span><span lang=\"ES-TRAD\" style=\"margin: 0px; font-family: Arial;\"><span style=\"color: #000000; font-size: medium;\">estigos presenciales aseguraron que Santiago Maldonado fue visto por \u00faltima vez en manos de la polic\u00eda militar. El lugar donde el cuerpo de Santiago fue encontrado, seg\u00fan dicen las comunidades locales, fue anteriormente rastreado en tres ocasiones. La polic\u00eda, en todo momento, ha negado la detenci\u00f3n del Santiago.<\/span><\/span><\/p>\n<p style=\"margin: 0px;\"><span lang=\"ES-TRAD\" style=\"margin: 0px; font-family: Arial;\"><span style=\"color: #000000;\"><span style=\"font-size: medium;\"><br \/>\nEsta desaparici\u00f3n ha provocado una gran indignaci\u00f3n y conmoci\u00f3n tanto en Argentina como en el extranjero. Con motivo del primer mes de<span style=\"margin: 0px;\"> l<\/span>a desaparici\u00f3n, cientos de miles de personas ocuparon las calles de Buenos Aires. La presi\u00f3n internacional ha obligado al presidente argentino Mauricio Macri a llevar a cabo una investigaci\u00f3n independiente sobre la desaparici\u00f3n. En este sentido tanto Amnist\u00eda Internacional como Naciones Unidas instaron al gobierno argentino a un r\u00e1pido esclarecimiento de la desaparici\u00f3n. <span style=\"margin: 0px;\">&nbsp;<\/span><\/span><\/span><\/span><\/p>\n<p style=\"margin: 0px;\"><span lang=\"ES-TRAD\" style=\"margin: 0px; font-family: Arial;\"><span style=\"color: #000000; font-size: medium;\"><br \/>\nReynaldo Mariqueo, de Enlace Mapuche Internacional (ONG fundada por Mapuches y personas solidarias con el pueblo Mapuche en el Reino Unido), dijo que \u201cel anuncio de hoy ha confirmado nuestros peores presagios. Todo apunta a que la polic\u00eda est\u00e1 implicada en el asesinato del joven activista argentino.\u201d<\/span><\/span><\/p>\n<p><span lang=\"ES-TRAD\" style=\"margin: 0px; font-family: Arial;\"><span style=\"font-size: medium;\"><span style=\"color: #000000;\">\u201cConforme<\/span> <\/span><span style=\"color: #000000; font-size: medium;\">se iban dando pasos en la investigaci\u00f3n del caso, todo hac\u00eda indicar que las fuerzas de seguridad intentaban obstaculizar el normal desarrollo de dicha investigaci\u00f3n. Adem\u00e1s, la Ministra de Seguridad, Patricia Bullrich, en vez de pedir responsabilidades a la polic\u00eda, se ha dedicado a difamar a Santiago Maldonado y a su familia. La poblaci\u00f3n ind\u00edgena mapuche ha vivido en esa tierra desde hace siglos y en los \u00faltimos a\u00f1os ha sido objeto de una escalada cada vez mayor en la persecuci\u00f3n, opresi\u00f3n y ataques por parte de las fuerzas de seguridad. El hallazgo del cuerpo de Santiago es una verdadera tragedia y es una consecuencia dram\u00e1ticamente l\u00f3gica del incremento de la hostilidad contra la poblaci\u00f3n ind\u00edgena, actitud que ha sido implementada por el gobierno de Macri en general y por la ministra Bullrich en particular\u201d.<\/span><\/span><\/p>\n<p><span lang=\"ES-TRAD\" style=\"margin: 0px; font-family: Arial;\"><span style=\"color: #000000; font-size: medium;\">La comunidad Mapuche de Pu Lof en Resistencia en la provincial de Cushamen, en el sur de Argentina, hac\u00eda una manifestaci\u00f3n cuando Santiago fue aparentemente detenido por la polic\u00eda. Los manifestantes reclamaban la liberaci\u00f3n del Lonko Facundo Jones Huala y protestaban contra la multinacional Benetton, la cual compr\u00f3 en 1991 casi un mill\u00f3n de hect\u00e1reas en el territorio ancestral mapuche.&nbsp;<\/span><\/span><\/p>\n<p><span lang=\"ES-TRAD\" style=\"margin: 0px; line-height: 125%; font-family: Arial; font-size: 12pt;\"><span style=\"color: #000000;\">La muerte de Maldonado ha tenido una enorme resonancia en un pa\u00eds donde m\u00e1s de 30.000 personas fueron hechas desaparecer por las fuerzas de seguridad durante los sangrientos a\u00f1os de la dictadura militar (1976-83).<\/span><\/span><\/p>\n<p><span lang=\"ES-TRAD\" style=\"margin: 0px; line-height: 125%; font-family: Arial; font-size: 12pt;\"><span style=\"color: #000000;\">La Ministra de Seguridad, Patricia Bullrich, ha sido fuertemente criticada. En primer lugar por echar la culpa de la desaparici\u00f3n a la comunidad mapuche y en segundo lugar por permitir que la investigaci\u00f3n fuese llevada a cabo por la polic\u00eda militar, la cual estaba directamente implicada en el allanamiento y represi\u00f3n de la comunidad mapuche en cuesti\u00f3n.&nbsp;<\/span><\/span><\/p>\n<p><span lang=\"ES-TRAD\" style=\"margin: 0px; line-height: 125%; font-family: Arial; font-size: 12pt;\"><span style=\"color: #000000;\">Durante este caso, la familia de Santiago Maldonado ha sido acosada por los medios de comunicaci\u00f3n. As\u00ed mismo, el gobierno de Macri ha recibido duras cr\u00edticas por no haber sido capaz de establecer un trato digno con la familia durante la investigaci\u00f3n, llegando a decir que Maldonado estaba vivo y escondido en Chile.&nbsp;<\/span><\/span><\/p>\n<p><span lang=\"ES-TRAD\" style=\"margin: 0px; line-height: 125%; font-family: Arial; font-size: 12pt;\"><span style=\"color: #000000;\">Este caso ha sido utilizado por la extrema derecha argentina para establecer un paralelismo entre la lucha por los derechos ind\u00edgenas y las actividades de grupos izquierdistas que fueron brutalmente reprimidos durante la dictadura.<\/span><\/span><\/p>\n<p><span lang=\"ES-TRAD\" style=\"background: white; margin: 0px; line-height: 125%; font-family: Arial; font-size: 12pt;\"><span style=\"color: #000000;\">En Argentina tiene lugar pr\u00f3ximamente una jornada de elecciones. El caso de Santiago Maldonado ha ocupado un papel central en la campa\u00f1a del centro-izquierda liderado por Cristina Kirchner. Aun est\u00e1 por determinar el impacto que tendr\u00e1 la aparici\u00f3n del cuerpo de Santiago Maldonado en las expectativas electorales del gobierno de Macri.<\/span><\/span><\/p>\n<p>&nbsp;<\/p>\n<hr>\n<p><strong>EDITORS NOTES<\/strong><\/p>\n<p>Contact: <strong>Carole Concha Bell<\/strong><br \/>\nPhone: 07794540433<br \/>\nEmail: <u>conchabellis@gmail.com<\/u><\/p>\n<p><span style=\"font-family: arial black,sans-serif;\"><strong>Para mas informaciones sobre la situacion Mapuche en Chile &amp; Argentina:<\/strong><\/span><\/p>\n<ul>\n<li><a href=\"https:\/\/www.ft.com\/content\/fe5d3812-a7a0-11e7-ab55-27219df83c97\"><u><span style=\"color: #0066cc;\">https:\/\/www.ft.com\/content\/fe5d3812-a7a0-11e7-ab55-27219df83c97<\/span><\/u><\/a><\/li>\n<li><strong>&nbsp;<\/strong><\/li>\n<li><a href=\"https:\/\/www.amnesty.org\/download\/Documents\/AMR1369072017ENGLISH.pdf\"><u><span style=\"color: #0066cc;\">https:\/\/www.amnesty.org\/download\/Documents\/AMR1369072017ENGLISH.pdf<\/span><\/u><\/a><\/li>\n<li><\/li>\n<li><a href=\"https:\/\/www.theguardian.com\/world\/2017\/aug\/08\/argentina-santiago-maldonado-benetton-missing-activist\"><u><span style=\"color: #0066cc;\">https:\/\/www.theguardian.com\/world\/2017\/aug\/08\/argentina-santiago-maldonado-benetton-missing-activist<\/span><\/u><\/a><\/li>\n<li><\/li>\n<li><a href=\"http:\/\/www.coha.org\/benetton-in-patagonia-the-oppression-of-mapuche-in-the-argentine-south\/\"><u><span style=\"color: #0066cc;\">http:\/\/www.coha.org\/benetton-in-patagonia-the-oppression-of-mapuche-in-the-argentine-south\/<\/span><\/u><\/a><u><\/u><\/li>\n<\/ul>\n<p>&nbsp;<\/p>\n","protected":false},"excerpt":{"rendered":"<p>6 Lodge Street,&nbsp;Bristol BS1 5LR, Reino Unido Tel: +44 (0) 117 927 9391 E-mail: mil@mapuche-nation.org Website:&nbsp;www.mapuche-nation.org MIL &#8211; Comunicado de Prensa &#8211; 20 de octubre, 2017&nbsp; El 18 de octubre pasado un cad\u00e1ver fue encontrado en el r\u00edo Chubut en Argentina. El d\u00eda 20 la familia confirm\u00f3 que el cuerpo era de Santiago Maldonado, un [&hellip;]<\/p>\n","protected":false},"author":1,"featured_media":12,"comment_status":"closed","ping_status":"open","sticky":false,"template":"","format":"standard","meta":{"footnotes":""},"categories":[3],"tags":[],"class_list":["post-159","post","type-post","status-publish","format-standard","has-post-thumbnail","hentry","category-noticias"],"yoast_head":"<!-- This site is optimized with the Yoast SEO plugin v27.5 - https:\/\/yoast.com\/product\/yoast-seo-wordpress\/ -->\n<title>La comunidad mapuche teme represalias tras la aparici\u00f3n del cuerpo de Santiago Maldonado - Enlace Mapuche Internacional<\/title>\n<meta name=\"robots\" content=\"index, follow, max-snippet:-1, max-image-preview:large, max-video-preview:-1\" \/>\n<link rel=\"canonical\" href=\"https:\/\/www.mapuche-nation.org\/esp\/la-comunidad-mapuche-teme-represalias-tras-la-aparicion-del-cuerpo-de-santiago-maldonado\/\" \/>\n<meta property=\"og:locale\" content=\"en_GB\" \/>\n<meta property=\"og:type\" content=\"article\" \/>\n<meta property=\"og:title\" content=\"La comunidad mapuche teme represalias tras la aparici\u00f3n del cuerpo de Santiago Maldonado - Enlace Mapuche Internacional\" \/>\n<meta property=\"og:description\" content=\"6 Lodge Street,&nbsp;Bristol BS1 5LR, Reino Unido Tel: +44 (0) 117 927 9391 E-mail: mil@mapuche-nation.org Website:&nbsp;www.mapuche-nation.org MIL &#8211; Comunicado de Prensa &#8211; 20 de octubre, 2017&nbsp; El 18 de octubre pasado un cad\u00e1ver fue encontrado en el r\u00edo Chubut en Argentina. El d\u00eda 20 la familia confirm\u00f3 que el cuerpo era de Santiago Maldonado, un [&hellip;]\" \/>\n<meta property=\"og:url\" content=\"https:\/\/www.mapuche-nation.org\/esp\/la-comunidad-mapuche-teme-represalias-tras-la-aparicion-del-cuerpo-de-santiago-maldonado\/\" \/>\n<meta property=\"og:site_name\" content=\"Enlace Mapuche Internacional\" \/>\n<meta property=\"article:published_time\" content=\"2017-10-21T16:43:51+00:00\" \/>\n<meta property=\"article:modified_time\" content=\"2017-10-21T20:01:54+00:00\" \/>\n<meta property=\"og:image\" content=\"https:\/\/www.mapuche-nation.org\/esp\/wp-content\/uploads\/sites\/5\/2017\/10\/logo-esp.png\" \/>\n\t<meta property=\"og:image:width\" content=\"253\" \/>\n\t<meta property=\"og:image:height\" content=\"81\" \/>\n\t<meta property=\"og:image:type\" content=\"image\/png\" \/>\n<meta name=\"author\" content=\"Mapuche International Link\" \/>\n<meta name=\"twitter:card\" content=\"summary_large_image\" \/>\n<meta name=\"twitter:label1\" content=\"Written by\" \/>\n\t<meta name=\"twitter:data1\" content=\"Mapuche International Link\" \/>\n\t<meta name=\"twitter:label2\" content=\"Estimated reading time\" \/>\n\t<meta name=\"twitter:data2\" content=\"4 minutes\" \/>\n<script type=\"application\/ld+json\" class=\"yoast-schema-graph\">{\"@context\":\"https:\\\/\\\/schema.org\",\"@graph\":[{\"@type\":\"Article\",\"@id\":\"https:\\\/\\\/www.mapuche-nation.org\\\/esp\\\/la-comunidad-mapuche-teme-represalias-tras-la-aparicion-del-cuerpo-de-santiago-maldonado\\\/#article\",\"isPartOf\":{\"@id\":\"https:\\\/\\\/www.mapuche-nation.org\\\/esp\\\/la-comunidad-mapuche-teme-represalias-tras-la-aparicion-del-cuerpo-de-santiago-maldonado\\\/\"},\"author\":{\"name\":\"Mapuche International Link\",\"@id\":\"https:\\\/\\\/www.mapuche-nation.org\\\/esp\\\/#\\\/schema\\\/person\\\/6333043013426b20dfa45bf4b6ae16d9\"},\"headline\":\"La comunidad mapuche teme represalias tras la aparici\u00f3n del cuerpo de Santiago Maldonado\",\"datePublished\":\"2017-10-21T16:43:51+00:00\",\"dateModified\":\"2017-10-21T20:01:54+00:00\",\"mainEntityOfPage\":{\"@id\":\"https:\\\/\\\/www.mapuche-nation.org\\\/esp\\\/la-comunidad-mapuche-teme-represalias-tras-la-aparicion-del-cuerpo-de-santiago-maldonado\\\/\"},\"wordCount\":801,\"publisher\":{\"@id\":\"https:\\\/\\\/www.mapuche-nation.org\\\/esp\\\/#organization\"},\"image\":{\"@id\":\"https:\\\/\\\/www.mapuche-nation.org\\\/esp\\\/la-comunidad-mapuche-teme-represalias-tras-la-aparicion-del-cuerpo-de-santiago-maldonado\\\/#primaryimage\"},\"thumbnailUrl\":\"https:\\\/\\\/www.mapuche-nation.org\\\/esp\\\/wp-content\\\/uploads\\\/sites\\\/5\\\/2017\\\/10\\\/logo-esp.png\",\"articleSection\":[\"Noticias\"],\"inLanguage\":\"en-GB\"},{\"@type\":\"WebPage\",\"@id\":\"https:\\\/\\\/www.mapuche-nation.org\\\/esp\\\/la-comunidad-mapuche-teme-represalias-tras-la-aparicion-del-cuerpo-de-santiago-maldonado\\\/\",\"url\":\"https:\\\/\\\/www.mapuche-nation.org\\\/esp\\\/la-comunidad-mapuche-teme-represalias-tras-la-aparicion-del-cuerpo-de-santiago-maldonado\\\/\",\"name\":\"La comunidad mapuche teme represalias tras la aparici\u00f3n del cuerpo de Santiago Maldonado - Enlace Mapuche Internacional\",\"isPartOf\":{\"@id\":\"https:\\\/\\\/www.mapuche-nation.org\\\/esp\\\/#website\"},\"primaryImageOfPage\":{\"@id\":\"https:\\\/\\\/www.mapuche-nation.org\\\/esp\\\/la-comunidad-mapuche-teme-represalias-tras-la-aparicion-del-cuerpo-de-santiago-maldonado\\\/#primaryimage\"},\"image\":{\"@id\":\"https:\\\/\\\/www.mapuche-nation.org\\\/esp\\\/la-comunidad-mapuche-teme-represalias-tras-la-aparicion-del-cuerpo-de-santiago-maldonado\\\/#primaryimage\"},\"thumbnailUrl\":\"https:\\\/\\\/www.mapuche-nation.org\\\/esp\\\/wp-content\\\/uploads\\\/sites\\\/5\\\/2017\\\/10\\\/logo-esp.png\",\"datePublished\":\"2017-10-21T16:43:51+00:00\",\"dateModified\":\"2017-10-21T20:01:54+00:00\",\"breadcrumb\":{\"@id\":\"https:\\\/\\\/www.mapuche-nation.org\\\/esp\\\/la-comunidad-mapuche-teme-represalias-tras-la-aparicion-del-cuerpo-de-santiago-maldonado\\\/#breadcrumb\"},\"inLanguage\":\"en-GB\",\"potentialAction\":[{\"@type\":\"ReadAction\",\"target\":[\"https:\\\/\\\/www.mapuche-nation.org\\\/esp\\\/la-comunidad-mapuche-teme-represalias-tras-la-aparicion-del-cuerpo-de-santiago-maldonado\\\/\"]}]},{\"@type\":\"ImageObject\",\"inLanguage\":\"en-GB\",\"@id\":\"https:\\\/\\\/www.mapuche-nation.org\\\/esp\\\/la-comunidad-mapuche-teme-represalias-tras-la-aparicion-del-cuerpo-de-santiago-maldonado\\\/#primaryimage\",\"url\":\"https:\\\/\\\/www.mapuche-nation.org\\\/esp\\\/wp-content\\\/uploads\\\/sites\\\/5\\\/2017\\\/10\\\/logo-esp.png\",\"contentUrl\":\"https:\\\/\\\/www.mapuche-nation.org\\\/esp\\\/wp-content\\\/uploads\\\/sites\\\/5\\\/2017\\\/10\\\/logo-esp.png\",\"width\":253,\"height\":81},{\"@type\":\"BreadcrumbList\",\"@id\":\"https:\\\/\\\/www.mapuche-nation.org\\\/esp\\\/la-comunidad-mapuche-teme-represalias-tras-la-aparicion-del-cuerpo-de-santiago-maldonado\\\/#breadcrumb\",\"itemListElement\":[{\"@type\":\"ListItem\",\"position\":1,\"name\":\"Home\",\"item\":\"https:\\\/\\\/www.mapuche-nation.org\\\/esp\\\/\"},{\"@type\":\"ListItem\",\"position\":2,\"name\":\"La comunidad mapuche teme represalias tras la aparici\u00f3n del cuerpo de Santiago Maldonado\"}]},{\"@type\":\"WebSite\",\"@id\":\"https:\\\/\\\/www.mapuche-nation.org\\\/esp\\\/#website\",\"url\":\"https:\\\/\\\/www.mapuche-nation.org\\\/esp\\\/\",\"name\":\"Enlace Mapuche Internacional\",\"description\":\"Enlace Mapuche Internacional\",\"publisher\":{\"@id\":\"https:\\\/\\\/www.mapuche-nation.org\\\/esp\\\/#organization\"},\"potentialAction\":[{\"@type\":\"SearchAction\",\"target\":{\"@type\":\"EntryPoint\",\"urlTemplate\":\"https:\\\/\\\/www.mapuche-nation.org\\\/esp\\\/?s={search_term_string}\"},\"query-input\":{\"@type\":\"PropertyValueSpecification\",\"valueRequired\":true,\"valueName\":\"search_term_string\"}}],\"inLanguage\":\"en-GB\"},{\"@type\":\"Organization\",\"@id\":\"https:\\\/\\\/www.mapuche-nation.org\\\/esp\\\/#organization\",\"name\":\"Enlace Mapuche Internacional\",\"url\":\"https:\\\/\\\/www.mapuche-nation.org\\\/esp\\\/\",\"logo\":{\"@type\":\"ImageObject\",\"inLanguage\":\"en-GB\",\"@id\":\"https:\\\/\\\/www.mapuche-nation.org\\\/esp\\\/#\\\/schema\\\/logo\\\/image\\\/\",\"url\":\"https:\\\/\\\/www.mapuche-nation.org\\\/esp\\\/wp-content\\\/uploads\\\/sites\\\/5\\\/2017\\\/10\\\/logo-esp.png\",\"contentUrl\":\"https:\\\/\\\/www.mapuche-nation.org\\\/esp\\\/wp-content\\\/uploads\\\/sites\\\/5\\\/2017\\\/10\\\/logo-esp.png\",\"width\":253,\"height\":81,\"caption\":\"Enlace Mapuche Internacional\"},\"image\":{\"@id\":\"https:\\\/\\\/www.mapuche-nation.org\\\/esp\\\/#\\\/schema\\\/logo\\\/image\\\/\"}},{\"@type\":\"Person\",\"@id\":\"https:\\\/\\\/www.mapuche-nation.org\\\/esp\\\/#\\\/schema\\\/person\\\/6333043013426b20dfa45bf4b6ae16d9\",\"name\":\"Mapuche International Link\",\"url\":\"https:\\\/\\\/www.mapuche-nation.org\\\/esp\\\/author\\\/siteadminmil\\\/\"}]}<\/script>\n<!-- \/ Yoast SEO plugin. -->","yoast_head_json":{"title":"La comunidad mapuche teme represalias tras la aparici\u00f3n del cuerpo de Santiago Maldonado - Enlace Mapuche Internacional","robots":{"index":"index","follow":"follow","max-snippet":"max-snippet:-1","max-image-preview":"max-image-preview:large","max-video-preview":"max-video-preview:-1"},"canonical":"https:\/\/www.mapuche-nation.org\/esp\/la-comunidad-mapuche-teme-represalias-tras-la-aparicion-del-cuerpo-de-santiago-maldonado\/","og_locale":"en_GB","og_type":"article","og_title":"La comunidad mapuche teme represalias tras la aparici\u00f3n del cuerpo de Santiago Maldonado - Enlace Mapuche Internacional","og_description":"6 Lodge Street,&nbsp;Bristol BS1 5LR, Reino Unido Tel: +44 (0) 117 927 9391 E-mail: mil@mapuche-nation.org Website:&nbsp;www.mapuche-nation.org MIL &#8211; Comunicado de Prensa &#8211; 20 de octubre, 2017&nbsp; El 18 de octubre pasado un cad\u00e1ver fue encontrado en el r\u00edo Chubut en Argentina. El d\u00eda 20 la familia confirm\u00f3 que el cuerpo era de Santiago Maldonado, un [&hellip;]","og_url":"https:\/\/www.mapuche-nation.org\/esp\/la-comunidad-mapuche-teme-represalias-tras-la-aparicion-del-cuerpo-de-santiago-maldonado\/","og_site_name":"Enlace Mapuche Internacional","article_published_time":"2017-10-21T16:43:51+00:00","article_modified_time":"2017-10-21T20:01:54+00:00","og_image":[{"width":253,"height":81,"url":"https:\/\/www.mapuche-nation.org\/esp\/wp-content\/uploads\/sites\/5\/2017\/10\/logo-esp.png","type":"image\/png"}],"author":"Mapuche International Link","twitter_card":"summary_large_image","twitter_misc":{"Written by":"Mapuche International Link","Estimated reading time":"4 minutes"},"schema":{"@context":"https:\/\/schema.org","@graph":[{"@type":"Article","@id":"https:\/\/www.mapuche-nation.org\/esp\/la-comunidad-mapuche-teme-represalias-tras-la-aparicion-del-cuerpo-de-santiago-maldonado\/#article","isPartOf":{"@id":"https:\/\/www.mapuche-nation.org\/esp\/la-comunidad-mapuche-teme-represalias-tras-la-aparicion-del-cuerpo-de-santiago-maldonado\/"},"author":{"name":"Mapuche International Link","@id":"https:\/\/www.mapuche-nation.org\/esp\/#\/schema\/person\/6333043013426b20dfa45bf4b6ae16d9"},"headline":"La comunidad mapuche teme represalias tras la aparici\u00f3n del cuerpo de Santiago Maldonado","datePublished":"2017-10-21T16:43:51+00:00","dateModified":"2017-10-21T20:01:54+00:00","mainEntityOfPage":{"@id":"https:\/\/www.mapuche-nation.org\/esp\/la-comunidad-mapuche-teme-represalias-tras-la-aparicion-del-cuerpo-de-santiago-maldonado\/"},"wordCount":801,"publisher":{"@id":"https:\/\/www.mapuche-nation.org\/esp\/#organization"},"image":{"@id":"https:\/\/www.mapuche-nation.org\/esp\/la-comunidad-mapuche-teme-represalias-tras-la-aparicion-del-cuerpo-de-santiago-maldonado\/#primaryimage"},"thumbnailUrl":"https:\/\/www.mapuche-nation.org\/esp\/wp-content\/uploads\/sites\/5\/2017\/10\/logo-esp.png","articleSection":["Noticias"],"inLanguage":"en-GB"},{"@type":"WebPage","@id":"https:\/\/www.mapuche-nation.org\/esp\/la-comunidad-mapuche-teme-represalias-tras-la-aparicion-del-cuerpo-de-santiago-maldonado\/","url":"https:\/\/www.mapuche-nation.org\/esp\/la-comunidad-mapuche-teme-represalias-tras-la-aparicion-del-cuerpo-de-santiago-maldonado\/","name":"La comunidad mapuche teme represalias tras la aparici\u00f3n del cuerpo de Santiago Maldonado - Enlace Mapuche Internacional","isPartOf":{"@id":"https:\/\/www.mapuche-nation.org\/esp\/#website"},"primaryImageOfPage":{"@id":"https:\/\/www.mapuche-nation.org\/esp\/la-comunidad-mapuche-teme-represalias-tras-la-aparicion-del-cuerpo-de-santiago-maldonado\/#primaryimage"},"image":{"@id":"https:\/\/www.mapuche-nation.org\/esp\/la-comunidad-mapuche-teme-represalias-tras-la-aparicion-del-cuerpo-de-santiago-maldonado\/#primaryimage"},"thumbnailUrl":"https:\/\/www.mapuche-nation.org\/esp\/wp-content\/uploads\/sites\/5\/2017\/10\/logo-esp.png","datePublished":"2017-10-21T16:43:51+00:00","dateModified":"2017-10-21T20:01:54+00:00","breadcrumb":{"@id":"https:\/\/www.mapuche-nation.org\/esp\/la-comunidad-mapuche-teme-represalias-tras-la-aparicion-del-cuerpo-de-santiago-maldonado\/#breadcrumb"},"inLanguage":"en-GB","potentialAction":[{"@type":"ReadAction","target":["https:\/\/www.mapuche-nation.org\/esp\/la-comunidad-mapuche-teme-represalias-tras-la-aparicion-del-cuerpo-de-santiago-maldonado\/"]}]},{"@type":"ImageObject","inLanguage":"en-GB","@id":"https:\/\/www.mapuche-nation.org\/esp\/la-comunidad-mapuche-teme-represalias-tras-la-aparicion-del-cuerpo-de-santiago-maldonado\/#primaryimage","url":"https:\/\/www.mapuche-nation.org\/esp\/wp-content\/uploads\/sites\/5\/2017\/10\/logo-esp.png","contentUrl":"https:\/\/www.mapuche-nation.org\/esp\/wp-content\/uploads\/sites\/5\/2017\/10\/logo-esp.png","width":253,"height":81},{"@type":"BreadcrumbList","@id":"https:\/\/www.mapuche-nation.org\/esp\/la-comunidad-mapuche-teme-represalias-tras-la-aparicion-del-cuerpo-de-santiago-maldonado\/#breadcrumb","itemListElement":[{"@type":"ListItem","position":1,"name":"Home","item":"https:\/\/www.mapuche-nation.org\/esp\/"},{"@type":"ListItem","position":2,"name":"La comunidad mapuche teme represalias tras la aparici\u00f3n del cuerpo de Santiago Maldonado"}]},{"@type":"WebSite","@id":"https:\/\/www.mapuche-nation.org\/esp\/#website","url":"https:\/\/www.mapuche-nation.org\/esp\/","name":"Enlace Mapuche Internacional","description":"Enlace Mapuche Internacional","publisher":{"@id":"https:\/\/www.mapuche-nation.org\/esp\/#organization"},"potentialAction":[{"@type":"SearchAction","target":{"@type":"EntryPoint","urlTemplate":"https:\/\/www.mapuche-nation.org\/esp\/?s={search_term_string}"},"query-input":{"@type":"PropertyValueSpecification","valueRequired":true,"valueName":"search_term_string"}}],"inLanguage":"en-GB"},{"@type":"Organization","@id":"https:\/\/www.mapuche-nation.org\/esp\/#organization","name":"Enlace Mapuche Internacional","url":"https:\/\/www.mapuche-nation.org\/esp\/","logo":{"@type":"ImageObject","inLanguage":"en-GB","@id":"https:\/\/www.mapuche-nation.org\/esp\/#\/schema\/logo\/image\/","url":"https:\/\/www.mapuche-nation.org\/esp\/wp-content\/uploads\/sites\/5\/2017\/10\/logo-esp.png","contentUrl":"https:\/\/www.mapuche-nation.org\/esp\/wp-content\/uploads\/sites\/5\/2017\/10\/logo-esp.png","width":253,"height":81,"caption":"Enlace Mapuche Internacional"},"image":{"@id":"https:\/\/www.mapuche-nation.org\/esp\/#\/schema\/logo\/image\/"}},{"@type":"Person","@id":"https:\/\/www.mapuche-nation.org\/esp\/#\/schema\/person\/6333043013426b20dfa45bf4b6ae16d9","name":"Mapuche International Link","url":"https:\/\/www.mapuche-nation.org\/esp\/author\/siteadminmil\/"}]}},"_links":{"self":[{"href":"https:\/\/www.mapuche-nation.org\/esp\/wp-json\/wp\/v2\/posts\/159","targetHints":{"allow":["GET"]}}],"collection":[{"href":"https:\/\/www.mapuche-nation.org\/esp\/wp-json\/wp\/v2\/posts"}],"about":[{"href":"https:\/\/www.mapuche-nation.org\/esp\/wp-json\/wp\/v2\/types\/post"}],"author":[{"embeddable":true,"href":"https:\/\/www.mapuche-nation.org\/esp\/wp-json\/wp\/v2\/users\/1"}],"replies":[{"embeddable":true,"href":"https:\/\/www.mapuche-nation.org\/esp\/wp-json\/wp\/v2\/comments?post=159"}],"version-history":[{"count":11,"href":"https:\/\/www.mapuche-nation.org\/esp\/wp-json\/wp\/v2\/posts\/159\/revisions"}],"predecessor-version":[{"id":170,"href":"https:\/\/www.mapuche-nation.org\/esp\/wp-json\/wp\/v2\/posts\/159\/revisions\/170"}],"wp:featuredmedia":[{"embeddable":true,"href":"https:\/\/www.mapuche-nation.org\/esp\/wp-json\/wp\/v2\/media\/12"}],"wp:attachment":[{"href":"https:\/\/www.mapuche-nation.org\/esp\/wp-json\/wp\/v2\/media?parent=159"}],"wp:term":[{"taxonomy":"category","embeddable":true,"href":"https:\/\/www.mapuche-nation.org\/esp\/wp-json\/wp\/v2\/categories?post=159"},{"taxonomy":"post_tag","embeddable":true,"href":"https:\/\/www.mapuche-nation.org\/esp\/wp-json\/wp\/v2\/tags?post=159"}],"curies":[{"name":"wp","href":"https:\/\/api.w.org\/{rel}","templated":true}]}}