{"id":1394,"date":"2021-03-12T01:15:43","date_gmt":"2021-03-12T01:15:43","guid":{"rendered":"https:\/\/www.mapuche-nation.org\/esp\/?p=1394"},"modified":"2021-03-12T01:22:16","modified_gmt":"2021-03-12T01:22:16","slug":"inician-huelga-seca-presos-mapuche-de-angol-radicalizan-huelga-a-100-dias-de-su-inicio","status":"publish","type":"post","link":"https:\/\/www.mapuche-nation.org\/esp\/inician-huelga-seca-presos-mapuche-de-angol-radicalizan-huelga-a-100-dias-de-su-inicio\/","title":{"rendered":"INICIAN HUELGA SECA! Presos mapuche de Angol radicalizan huelga a 100 d\u00edas de su\u00a0inicio"},"content":{"rendered":"<header class=\"entry-header\">\n<h1 class=\"entry-title\">INICIAN HUELGA SECA!<br \/>\nPresos mapuche de Angol radicalizan huelga a 100 d\u00edas de su\u00a0inicio.<\/h1>\n<div class=\"entry-thumbnail\"><img loading=\"lazy\" decoding=\"async\" class=\"attachment-penscratch-2-featured wp-post-image\" src=\"https:\/\/lazarzamoracolectivalesbofem.files.wordpress.com\/2021\/03\/0001-18069626323_20210310_004548_0000.png?w=656&amp;h=300&amp;crop=1\" sizes=\"auto, (max-width: 656px) 100vw, 656px\" srcset=\"https:\/\/lazarzamoracolectivalesbofem.files.wordpress.com\/2021\/03\/0001-18069626323_20210310_004548_0000.png?w=656&amp;h=300&amp;crop=1 656w, https:\/\/lazarzamoracolectivalesbofem.files.wordpress.com\/2021\/03\/0001-18069626323_20210310_004548_0000.png?w=1312&amp;h=600&amp;crop=1 1312w, https:\/\/lazarzamoracolectivalesbofem.files.wordpress.com\/2021\/03\/0001-18069626323_20210310_004548_0000.png?w=150&amp;h=69&amp;crop=1 150w, https:\/\/lazarzamoracolectivalesbofem.files.wordpress.com\/2021\/03\/0001-18069626323_20210310_004548_0000.png?w=300&amp;h=137&amp;crop=1 300w, https:\/\/lazarzamoracolectivalesbofem.files.wordpress.com\/2021\/03\/0001-18069626323_20210310_004548_0000.png?w=768&amp;h=351&amp;crop=1 768w, https:\/\/lazarzamoracolectivalesbofem.files.wordpress.com\/2021\/03\/0001-18069626323_20210310_004548_0000.png?w=1024&amp;h=468&amp;crop=1 1024w\" alt=\"\" width=\"711\" height=\"325\" data-attachment-id=\"6381\" data-permalink=\"https:\/\/lazarzamoracolectivalesbofem.wordpress.com\/2021\/03\/10\/inician-huelga-seca-presos-mapuche-de-angol-radicalizan-huelga-a-100-dias-de-su-inicio\/0001-18069626323_20210310_004548_0000\/\" data-orig-file=\"https:\/\/lazarzamoracolectivalesbofem.files.wordpress.com\/2021\/03\/0001-18069626323_20210310_004548_0000.png\" data-orig-size=\"2240,1260\" data-comments-opened=\"1\" data-image-meta=\"{&quot;aperture&quot;:&quot;0&quot;,&quot;credit&quot;:&quot;&quot;,&quot;camera&quot;:&quot;&quot;,&quot;caption&quot;:&quot;&quot;,&quot;created_timestamp&quot;:&quot;0&quot;,&quot;copyright&quot;:&quot;&quot;,&quot;focal_length&quot;:&quot;0&quot;,&quot;iso&quot;:&quot;0&quot;,&quot;shutter_speed&quot;:&quot;0&quot;,&quot;title&quot;:&quot;&quot;,&quot;orientation&quot;:&quot;0&quot;}\" data-image-title=\"0001-18069626323_20210310_004548_0000.png\" data-image-description=\"\" data-medium-file=\"https:\/\/lazarzamoracolectivalesbofem.files.wordpress.com\/2021\/03\/0001-18069626323_20210310_004548_0000.png?w=300\" data-large-file=\"https:\/\/lazarzamoracolectivalesbofem.files.wordpress.com\/2021\/03\/0001-18069626323_20210310_004548_0000.png?w=656\" \/><\/div>\n<div class=\"entry-meta\"><span class=\"posted-on\"><a href=\"https:\/\/lazarzamoracolectivalesbofem.wordpress.com\/2021\/03\/10\/inician-huelga-seca-presos-mapuche-de-angol-radicalizan-huelga-a-100-dias-de-su-inicio\/\" rel=\"bookmark\"><time class=\"entry-date published\" datetime=\"2021-03-10T10:00:54+00:00\">MARZO 10, 2021<\/time><\/a><\/span><span class=\"byline\"><span class=\"author vcard\"><span class=\"sep\">\u00a0~\u00a0<\/span><a class=\"url fn n\" href=\"https:\/\/lazarzamoracolectivalesbofem.wordpress.com\/author\/colectivalazarzamora\/\">COLECTIVALAZARZAMORA<\/a><\/span><\/span><\/div>\n<\/header>\n<div class=\"entry-content\">\n<p>Este mi\u00e9rcoles 10 de marzo, al cumplirse\u00a0<strong>100 d\u00edas desde que Patricio Lican, Juan Lican y Felipe Espinoza iniciaran una Huelga de Hambre<\/strong>\u00a0para exigir un debido proceso, han tomado la desici\u00f3n de radicalizar la medida, deriv\u00e1ndola a una\u00a0<strong>HUELGA DE HAMBRE SECA<\/strong>.<\/p>\n<p>La huelga seca consiste en dejar de consumir l\u00edquidos, lo que en este caso, sumado al deterioro corporal provocado por los\u00a0<strong>100 d\u00edas sin alimentaci\u00f3n, puede llegar a ser fatal\u00a0<\/strong>en pocos d\u00edas.<\/p>\n<p>Cabe recordar que los tres comuneros\u00a0<strong>est\u00e1n exigiendo que se les respete su derecho a un juicio justo sin racismo de por medio<\/strong>, esto considerando la falta de pruebas contundentes en su proceso y la incongruencia en la\u00a0<a href=\"https:\/\/lazarzamoracolectivalesbofem.wordpress.com\/2021\/02\/25\/presos-mapuche-cumpliran-3-meses-en-huelga-de-hambre-en-la-carcel-de-angol\/\">acusaci\u00f3n de homicidio a Felipe Espinoza<\/a>, quien por\u00a0<strong>problemas f\u00edsicos est\u00e1 imposibilitado de percutar cualquier arma<\/strong>.<\/p>\n<figure class=\"wp-block-image size-large\"><img decoding=\"async\" class=\"wp-image-6382\" src=\"https:\/\/lazarzamoracolectivalesbofem.files.wordpress.com\/2021\/03\/img-20210307-wa00407711901328654834891.jpg?w=1024\" sizes=\"(max-width: 1024px) 100vw, 1024px\" srcset=\"https:\/\/lazarzamoracolectivalesbofem.files.wordpress.com\/2021\/03\/img-20210307-wa00407711901328654834891.jpg?w=1024 1024w, https:\/\/lazarzamoracolectivalesbofem.files.wordpress.com\/2021\/03\/img-20210307-wa00407711901328654834891.jpg?w=150 150w, https:\/\/lazarzamoracolectivalesbofem.files.wordpress.com\/2021\/03\/img-20210307-wa00407711901328654834891.jpg?w=300 300w, https:\/\/lazarzamoracolectivalesbofem.files.wordpress.com\/2021\/03\/img-20210307-wa00407711901328654834891.jpg?w=768 768w, https:\/\/lazarzamoracolectivalesbofem.files.wordpress.com\/2021\/03\/img-20210307-wa00407711901328654834891.jpg 1040w\" alt=\"\" data-attachment-id=\"6382\" data-permalink=\"https:\/\/lazarzamoracolectivalesbofem.wordpress.com\/2021\/03\/10\/inician-huelga-seca-presos-mapuche-de-angol-radicalizan-huelga-a-100-dias-de-su-inicio\/img-20210307-wa00407711901328654834891\/\" data-orig-file=\"https:\/\/lazarzamoracolectivalesbofem.files.wordpress.com\/2021\/03\/img-20210307-wa00407711901328654834891.jpg\" data-orig-size=\"1040,780\" data-comments-opened=\"1\" data-image-meta=\"{&quot;aperture&quot;:&quot;0&quot;,&quot;credit&quot;:&quot;&quot;,&quot;camera&quot;:&quot;&quot;,&quot;caption&quot;:&quot;&quot;,&quot;created_timestamp&quot;:&quot;0&quot;,&quot;copyright&quot;:&quot;&quot;,&quot;focal_length&quot;:&quot;0&quot;,&quot;iso&quot;:&quot;0&quot;,&quot;shutter_speed&quot;:&quot;0&quot;,&quot;title&quot;:&quot;&quot;,&quot;orientation&quot;:&quot;0&quot;}\" data-image-title=\"img-20210307-wa00407711901328654834891.jpg\" data-image-description=\"\" data-medium-file=\"https:\/\/lazarzamoracolectivalesbofem.files.wordpress.com\/2021\/03\/img-20210307-wa00407711901328654834891.jpg?w=300\" data-large-file=\"https:\/\/lazarzamoracolectivalesbofem.files.wordpress.com\/2021\/03\/img-20210307-wa00407711901328654834891.jpg?w=656\" \/><\/figure>\n<p>El d\u00eda martes los huelguistas fueron visitados por el INDH, para constatar su estado de salud. Una salud que empeora a diario luego de que en el mes de febrero, se le negara acceso a un Machi para tratarles.\u00a0<a href=\"https:\/\/lazarzamoracolectivalesbofem.wordpress.com\/2021\/02\/26\/presos-mapuche-en-huelga-de-hambre-gendarmeria-debera-permitir-entrada-de-machi-por-orden-de-la-corte-de-apelaciones-de-temuco\/\">La corte de Apelaciones de Temuco orden\u00f3 el d\u00eda 25 de febrero<\/a>\u00a0a Gendarmer\u00eda que permitiera el ingreso de la autoridad ancestral, sin embargo esto a\u00fan no se concreta.<\/p>\n<p>Hoy a 100 d\u00edas de huelga de hambre e iniciando una de car\u00e1cter seco, los tres mapuche, presos en la c\u00e1rcel de Angol, est\u00e1n al borde de perder la vida bajo un silencio c\u00f3mplice y la inacci\u00f3n social ante la violencia institucional y racista.<\/p>\n<figure class=\"wp-block-image size-large\"><img decoding=\"async\" class=\"wp-image-6383\" src=\"https:\/\/lazarzamoracolectivalesbofem.files.wordpress.com\/2021\/03\/img-20210307-wa0042569825044367653839.jpg?w=1024\" sizes=\"(max-width: 1024px) 100vw, 1024px\" srcset=\"https:\/\/lazarzamoracolectivalesbofem.files.wordpress.com\/2021\/03\/img-20210307-wa0042569825044367653839.jpg?w=1024 1024w, https:\/\/lazarzamoracolectivalesbofem.files.wordpress.com\/2021\/03\/img-20210307-wa0042569825044367653839.jpg?w=150 150w, https:\/\/lazarzamoracolectivalesbofem.files.wordpress.com\/2021\/03\/img-20210307-wa0042569825044367653839.jpg?w=300 300w, https:\/\/lazarzamoracolectivalesbofem.files.wordpress.com\/2021\/03\/img-20210307-wa0042569825044367653839.jpg?w=768 768w, https:\/\/lazarzamoracolectivalesbofem.files.wordpress.com\/2021\/03\/img-20210307-wa0042569825044367653839.jpg 1040w\" alt=\"\" data-attachment-id=\"6383\" data-permalink=\"https:\/\/lazarzamoracolectivalesbofem.wordpress.com\/2021\/03\/10\/inician-huelga-seca-presos-mapuche-de-angol-radicalizan-huelga-a-100-dias-de-su-inicio\/img-20210307-wa0042569825044367653839\/\" data-orig-file=\"https:\/\/lazarzamoracolectivalesbofem.files.wordpress.com\/2021\/03\/img-20210307-wa0042569825044367653839.jpg\" data-orig-size=\"1040,780\" data-comments-opened=\"1\" data-image-meta=\"{&quot;aperture&quot;:&quot;0&quot;,&quot;credit&quot;:&quot;&quot;,&quot;camera&quot;:&quot;&quot;,&quot;caption&quot;:&quot;&quot;,&quot;created_timestamp&quot;:&quot;0&quot;,&quot;copyright&quot;:&quot;&quot;,&quot;focal_length&quot;:&quot;0&quot;,&quot;iso&quot;:&quot;0&quot;,&quot;shutter_speed&quot;:&quot;0&quot;,&quot;title&quot;:&quot;&quot;,&quot;orientation&quot;:&quot;0&quot;}\" data-image-title=\"img-20210307-wa0042569825044367653839.jpg\" data-image-description=\"\" data-medium-file=\"https:\/\/lazarzamoracolectivalesbofem.files.wordpress.com\/2021\/03\/img-20210307-wa0042569825044367653839.jpg?w=300\" data-large-file=\"https:\/\/lazarzamoracolectivalesbofem.files.wordpress.com\/2021\/03\/img-20210307-wa0042569825044367653839.jpg?w=656\" \/><\/figure>\n<p>A continuaci\u00f3n compartimos comunicado p\u00fablico de Juan Lican, Patricio Lican y Felipe Espinoza realizado el d\u00eda 99 de huelga de hambre.<\/p>\n<p><strong>Comunicado P\u00fablico<\/strong><\/p>\n<p>Nosotros, los 3 comuneros que llevamos 99 d\u00edas de huelga de hambre desde la c\u00e1rcel de Angol, le queremos comunicar al\u00a0<strong>pueblo Naci\u00f3n mapuche y a la comunidad Chilena e Internacional\u00a0<\/strong>lo siguiente:<\/p>\n<p>Ante la insensibilidad y o\u00eddos sordos de las autoridades pol\u00edticas y judiciales de este pa\u00eds, respecto a nuestras peticiones. Anunciamos que\u00a0<strong>vamos a recrudecer nuestra medida para ser escuchados y que iniciaremos una huelga de hambre seca a contar de las 8 de la ma\u00f1ana del d\u00eda 10 de marzo<\/strong>\u00a0con el \u00fanico fin de que se acoja nuestro petitorio que es el siguiente:<\/p>\n<p>1.- Pedimos juicios justos, derecho a que se valoren nuestras pruebas y argumentos y se eliminen las pruebas falsas y los falsos testimonios basados en prejuicios y racismo.<\/p>\n<p>2.- Que se respete nuestro derecho como mapuche a ser considerados comuneros, independiente del m\u00f3dulo donde estemos recluidos, respetando nuestra cultura, otorg\u00e1ndonos los derechos que nos reconoce la Ley y los tratados internacionales en cuanto a visitas y las cosas y alimentos que nos pueden hacer llegar nuestros familiares. Que se respete nuestra cultura y pr\u00e1cticas m\u00e9dicas, dejando que nos visite nuestro machi.<\/p>\n<p>3.- De acuerdo al primer punto del juicio justo, que se nos permita mantener el principio de la presunta inocencia hasta que se pruebe lo contrario, por lo que se nos debe permitir cambio de prisi\u00f3n preventiva por otra medida cautelar hasta el juicio oral.<\/p>\n<p>4.- Que se nos permita probar que las acusaciones del fiscal V\u00e1squez est\u00e1n basadas en suposiciones y prejuicios, el juez debe dar valor a los informes que justifican nuestros argumentos, por ejemplo informes de la doctora sobre la incapacidad de Felipe Espinoza.<\/p>\n<p>5.- Pedimos que un organismo independiente como el Colegio M\u00e9dico sea nuestro garante para hacer de mediador.<\/p>\n<p>Esperando que estas peticiones lleguen a todos los o\u00eddos receptivos de nuestro pueblo mapuche y del pueblo Chileno solidario.<\/p>\n<p>Atte.<br \/>\nPatricio Lican Manquel<br \/>\nJuan Lican Manquel<br \/>\nFelipe Espinoza H.<br \/>\n9 de marzo del 2021, c\u00e1rcel de Angol.<\/p>\n<p><span style=\"color: #ff0000;\">________________________________<\/span><\/p>\n<p><em><strong>Fuente<\/strong>: <a href=\"https:\/\/lazarzamoracolectivalesbofem.wordpress.com\/2021\/03\/10\/inician-huelga-seca-presos-mapuche-de-angol-radicalizan-huelga-a-100-dias-de-su-inicio\/?fbclid=IwAR2DZm7Z1z__m1H2RWJL7XTSj1iWfHQsj7xWYIfBfQloMf8jb4xfuFJbERo\">La Zarzamora<\/a><\/em><\/p>\n<\/div>\n","protected":false},"excerpt":{"rendered":"<p>INICIAN HUELGA SECA! Presos mapuche de Angol radicalizan huelga a 100 d\u00edas de su\u00a0inicio. MARZO 10, 2021\u00a0~\u00a0COLECTIVALAZARZAMORA Este mi\u00e9rcoles 10 de marzo, al cumplirse\u00a0100 d\u00edas desde que Patricio Lican, Juan Lican y Felipe Espinoza iniciaran una Huelga de Hambre\u00a0para exigir un debido proceso, han tomado la desici\u00f3n de radicalizar la medida, deriv\u00e1ndola a una\u00a0HUELGA DE [&hellip;]<\/p>\n","protected":false},"author":1,"featured_media":1396,"comment_status":"closed","ping_status":"open","sticky":false,"template":"","format":"standard","meta":{"footnotes":""},"categories":[3],"tags":[],"class_list":["post-1394","post","type-post","status-publish","format-standard","has-post-thumbnail","hentry","category-noticias"],"yoast_head":"<!-- This site is optimized with the Yoast SEO plugin v28.3 - https:\/\/yoast.com\/product\/yoast-seo-wordpress\/ -->\n<title>INICIAN HUELGA SECA! Presos mapuche de Angol radicalizan huelga a 100 d\u00edas de su inicio - Enlace Mapuche Internacional<\/title>\n<meta name=\"description\" content=\"La huelga seca consiste en dejar de consumir l\u00edquidos, lo que en este caso, sumado al deterioro corporal provocado por los\u00a0100 d\u00edas sin alimentaci\u00f3n, puede llegar a ser fatal\u00a0en pocos d\u00edas.\" \/>\n<meta name=\"robots\" content=\"index, follow, max-snippet:-1, max-image-preview:large, max-video-preview:-1\" \/>\n<link rel=\"canonical\" href=\"https:\/\/www.mapuche-nation.org\/esp\/inician-huelga-seca-presos-mapuche-de-angol-radicalizan-huelga-a-100-dias-de-su-inicio\/\" \/>\n<meta property=\"og:locale\" content=\"en_GB\" \/>\n<meta property=\"og:type\" content=\"article\" \/>\n<meta property=\"og:title\" content=\"INICIAN HUELGA SECA! Presos mapuche de Angol radicalizan huelga a 100 d\u00edas de su inicio - Enlace Mapuche Internacional\" \/>\n<meta property=\"og:description\" content=\"La huelga seca consiste en dejar de consumir l\u00edquidos, lo que en este caso, sumado al deterioro corporal provocado por los\u00a0100 d\u00edas sin alimentaci\u00f3n, puede llegar a ser fatal\u00a0en pocos d\u00edas.\" \/>\n<meta property=\"og:url\" content=\"https:\/\/www.mapuche-nation.org\/esp\/inician-huelga-seca-presos-mapuche-de-angol-radicalizan-huelga-a-100-dias-de-su-inicio\/\" \/>\n<meta property=\"og:site_name\" content=\"Enlace Mapuche Internacional\" \/>\n<meta property=\"article:published_time\" content=\"2021-03-12T01:15:43+00:00\" \/>\n<meta property=\"article:modified_time\" content=\"2021-03-12T01:22:16+00:00\" \/>\n<meta property=\"og:image\" content=\"https:\/\/www.mapuche-nation.org\/esp\/wp-content\/uploads\/sites\/5\/2021\/03\/100-Dias-PPM-en-Huelga-de-Hambre-20210310.jpg\" \/>\n\t<meta property=\"og:image:width\" content=\"1024\" \/>\n\t<meta property=\"og:image:height\" content=\"768\" \/>\n\t<meta property=\"og:image:type\" content=\"image\/jpeg\" \/>\n<meta name=\"author\" content=\"Mapuche International Link\" \/>\n<meta name=\"twitter:card\" content=\"summary_large_image\" \/>\n<meta name=\"twitter:label1\" content=\"Written by\" \/>\n\t<meta name=\"twitter:data1\" content=\"Mapuche International Link\" \/>\n\t<meta name=\"twitter:label2\" content=\"Estimated reading time\" \/>\n\t<meta name=\"twitter:data2\" content=\"3 minutes\" \/>\n<script type=\"application\/ld+json\" class=\"yoast-schema-graph\">{\"@context\":\"https:\\\/\\\/schema.org\",\"@graph\":[{\"@type\":\"Article\",\"@id\":\"https:\\\/\\\/www.mapuche-nation.org\\\/esp\\\/inician-huelga-seca-presos-mapuche-de-angol-radicalizan-huelga-a-100-dias-de-su-inicio\\\/#article\",\"isPartOf\":{\"@id\":\"https:\\\/\\\/www.mapuche-nation.org\\\/esp\\\/inician-huelga-seca-presos-mapuche-de-angol-radicalizan-huelga-a-100-dias-de-su-inicio\\\/\"},\"author\":{\"name\":\"Mapuche International Link\",\"@id\":\"https:\\\/\\\/www.mapuche-nation.org\\\/esp\\\/#\\\/schema\\\/person\\\/6333043013426b20dfa45bf4b6ae16d9\"},\"headline\":\"INICIAN HUELGA SECA! Presos mapuche de Angol radicalizan huelga a 100 d\u00edas de su\u00a0inicio\",\"datePublished\":\"2021-03-12T01:15:43+00:00\",\"dateModified\":\"2021-03-12T01:22:16+00:00\",\"mainEntityOfPage\":{\"@id\":\"https:\\\/\\\/www.mapuche-nation.org\\\/esp\\\/inician-huelga-seca-presos-mapuche-de-angol-radicalizan-huelga-a-100-dias-de-su-inicio\\\/\"},\"wordCount\":660,\"publisher\":{\"@id\":\"https:\\\/\\\/www.mapuche-nation.org\\\/esp\\\/#organization\"},\"image\":{\"@id\":\"https:\\\/\\\/www.mapuche-nation.org\\\/esp\\\/inician-huelga-seca-presos-mapuche-de-angol-radicalizan-huelga-a-100-dias-de-su-inicio\\\/#primaryimage\"},\"thumbnailUrl\":\"https:\\\/\\\/www.mapuche-nation.org\\\/esp\\\/wp-content\\\/uploads\\\/sites\\\/5\\\/2021\\\/03\\\/100-Dias-PPM-en-Huelga-de-Hambre-20210310.jpg\",\"articleSection\":[\"Noticias\"],\"inLanguage\":\"en-GB\"},{\"@type\":\"WebPage\",\"@id\":\"https:\\\/\\\/www.mapuche-nation.org\\\/esp\\\/inician-huelga-seca-presos-mapuche-de-angol-radicalizan-huelga-a-100-dias-de-su-inicio\\\/\",\"url\":\"https:\\\/\\\/www.mapuche-nation.org\\\/esp\\\/inician-huelga-seca-presos-mapuche-de-angol-radicalizan-huelga-a-100-dias-de-su-inicio\\\/\",\"name\":\"INICIAN HUELGA SECA! Presos mapuche de Angol radicalizan huelga a 100 d\u00edas de su inicio - Enlace Mapuche Internacional\",\"isPartOf\":{\"@id\":\"https:\\\/\\\/www.mapuche-nation.org\\\/esp\\\/#website\"},\"primaryImageOfPage\":{\"@id\":\"https:\\\/\\\/www.mapuche-nation.org\\\/esp\\\/inician-huelga-seca-presos-mapuche-de-angol-radicalizan-huelga-a-100-dias-de-su-inicio\\\/#primaryimage\"},\"image\":{\"@id\":\"https:\\\/\\\/www.mapuche-nation.org\\\/esp\\\/inician-huelga-seca-presos-mapuche-de-angol-radicalizan-huelga-a-100-dias-de-su-inicio\\\/#primaryimage\"},\"thumbnailUrl\":\"https:\\\/\\\/www.mapuche-nation.org\\\/esp\\\/wp-content\\\/uploads\\\/sites\\\/5\\\/2021\\\/03\\\/100-Dias-PPM-en-Huelga-de-Hambre-20210310.jpg\",\"datePublished\":\"2021-03-12T01:15:43+00:00\",\"dateModified\":\"2021-03-12T01:22:16+00:00\",\"description\":\"La huelga seca consiste en dejar de consumir l\u00edquidos, lo que en este caso, sumado al deterioro corporal provocado por los\u00a0100 d\u00edas sin alimentaci\u00f3n, puede llegar a ser fatal\u00a0en pocos d\u00edas.\",\"breadcrumb\":{\"@id\":\"https:\\\/\\\/www.mapuche-nation.org\\\/esp\\\/inician-huelga-seca-presos-mapuche-de-angol-radicalizan-huelga-a-100-dias-de-su-inicio\\\/#breadcrumb\"},\"inLanguage\":\"en-GB\",\"potentialAction\":[{\"@type\":\"ReadAction\",\"target\":[\"https:\\\/\\\/www.mapuche-nation.org\\\/esp\\\/inician-huelga-seca-presos-mapuche-de-angol-radicalizan-huelga-a-100-dias-de-su-inicio\\\/\"]}]},{\"@type\":\"ImageObject\",\"inLanguage\":\"en-GB\",\"@id\":\"https:\\\/\\\/www.mapuche-nation.org\\\/esp\\\/inician-huelga-seca-presos-mapuche-de-angol-radicalizan-huelga-a-100-dias-de-su-inicio\\\/#primaryimage\",\"url\":\"https:\\\/\\\/www.mapuche-nation.org\\\/esp\\\/wp-content\\\/uploads\\\/sites\\\/5\\\/2021\\\/03\\\/100-Dias-PPM-en-Huelga-de-Hambre-20210310.jpg\",\"contentUrl\":\"https:\\\/\\\/www.mapuche-nation.org\\\/esp\\\/wp-content\\\/uploads\\\/sites\\\/5\\\/2021\\\/03\\\/100-Dias-PPM-en-Huelga-de-Hambre-20210310.jpg\",\"width\":1024,\"height\":768},{\"@type\":\"BreadcrumbList\",\"@id\":\"https:\\\/\\\/www.mapuche-nation.org\\\/esp\\\/inician-huelga-seca-presos-mapuche-de-angol-radicalizan-huelga-a-100-dias-de-su-inicio\\\/#breadcrumb\",\"itemListElement\":[{\"@type\":\"ListItem\",\"position\":1,\"name\":\"Home\",\"item\":\"https:\\\/\\\/www.mapuche-nation.org\\\/esp\\\/\"},{\"@type\":\"ListItem\",\"position\":2,\"name\":\"INICIAN HUELGA SECA! Presos mapuche de Angol radicalizan huelga a 100 d\u00edas de su\u00a0inicio\"}]},{\"@type\":\"WebSite\",\"@id\":\"https:\\\/\\\/www.mapuche-nation.org\\\/esp\\\/#website\",\"url\":\"https:\\\/\\\/www.mapuche-nation.org\\\/esp\\\/\",\"name\":\"Enlace Mapuche Internacional\",\"description\":\"Enlace Mapuche Internacional\",\"publisher\":{\"@id\":\"https:\\\/\\\/www.mapuche-nation.org\\\/esp\\\/#organization\"},\"potentialAction\":[{\"@type\":\"SearchAction\",\"target\":{\"@type\":\"EntryPoint\",\"urlTemplate\":\"https:\\\/\\\/www.mapuche-nation.org\\\/esp\\\/?s={search_term_string}\"},\"query-input\":{\"@type\":\"PropertyValueSpecification\",\"valueRequired\":true,\"valueName\":\"search_term_string\"}}],\"inLanguage\":\"en-GB\"},{\"@type\":\"Organization\",\"@id\":\"https:\\\/\\\/www.mapuche-nation.org\\\/esp\\\/#organization\",\"name\":\"Enlace Mapuche Internacional\",\"url\":\"https:\\\/\\\/www.mapuche-nation.org\\\/esp\\\/\",\"logo\":{\"@type\":\"ImageObject\",\"inLanguage\":\"en-GB\",\"@id\":\"https:\\\/\\\/www.mapuche-nation.org\\\/esp\\\/#\\\/schema\\\/logo\\\/image\\\/\",\"url\":\"https:\\\/\\\/www.mapuche-nation.org\\\/esp\\\/wp-content\\\/uploads\\\/sites\\\/5\\\/2017\\\/10\\\/logo-esp.png\",\"contentUrl\":\"https:\\\/\\\/www.mapuche-nation.org\\\/esp\\\/wp-content\\\/uploads\\\/sites\\\/5\\\/2017\\\/10\\\/logo-esp.png\",\"width\":253,\"height\":81,\"caption\":\"Enlace Mapuche Internacional\"},\"image\":{\"@id\":\"https:\\\/\\\/www.mapuche-nation.org\\\/esp\\\/#\\\/schema\\\/logo\\\/image\\\/\"}},{\"@type\":\"Person\",\"@id\":\"https:\\\/\\\/www.mapuche-nation.org\\\/esp\\\/#\\\/schema\\\/person\\\/6333043013426b20dfa45bf4b6ae16d9\",\"name\":\"Mapuche International Link\",\"url\":\"https:\\\/\\\/www.mapuche-nation.org\\\/esp\\\/author\\\/siteadminmil\\\/\"}]}<\/script>\n<!-- \/ Yoast SEO plugin. -->","yoast_head_json":{"title":"INICIAN HUELGA SECA! Presos mapuche de Angol radicalizan huelga a 100 d\u00edas de su inicio - Enlace Mapuche Internacional","description":"La huelga seca consiste en dejar de consumir l\u00edquidos, lo que en este caso, sumado al deterioro corporal provocado por los\u00a0100 d\u00edas sin alimentaci\u00f3n, puede llegar a ser fatal\u00a0en pocos d\u00edas.","robots":{"index":"index","follow":"follow","max-snippet":"max-snippet:-1","max-image-preview":"max-image-preview:large","max-video-preview":"max-video-preview:-1"},"canonical":"https:\/\/www.mapuche-nation.org\/esp\/inician-huelga-seca-presos-mapuche-de-angol-radicalizan-huelga-a-100-dias-de-su-inicio\/","og_locale":"en_GB","og_type":"article","og_title":"INICIAN HUELGA SECA! Presos mapuche de Angol radicalizan huelga a 100 d\u00edas de su inicio - Enlace Mapuche Internacional","og_description":"La huelga seca consiste en dejar de consumir l\u00edquidos, lo que en este caso, sumado al deterioro corporal provocado por los\u00a0100 d\u00edas sin alimentaci\u00f3n, puede llegar a ser fatal\u00a0en pocos d\u00edas.","og_url":"https:\/\/www.mapuche-nation.org\/esp\/inician-huelga-seca-presos-mapuche-de-angol-radicalizan-huelga-a-100-dias-de-su-inicio\/","og_site_name":"Enlace Mapuche Internacional","article_published_time":"2021-03-12T01:15:43+00:00","article_modified_time":"2021-03-12T01:22:16+00:00","og_image":[{"width":1024,"height":768,"url":"https:\/\/www.mapuche-nation.org\/esp\/wp-content\/uploads\/sites\/5\/2021\/03\/100-Dias-PPM-en-Huelga-de-Hambre-20210310.jpg","type":"image\/jpeg"}],"author":"Mapuche International Link","twitter_card":"summary_large_image","twitter_misc":{"Written by":"Mapuche International Link","Estimated reading time":"3 minutes"},"schema":{"@context":"https:\/\/schema.org","@graph":[{"@type":"Article","@id":"https:\/\/www.mapuche-nation.org\/esp\/inician-huelga-seca-presos-mapuche-de-angol-radicalizan-huelga-a-100-dias-de-su-inicio\/#article","isPartOf":{"@id":"https:\/\/www.mapuche-nation.org\/esp\/inician-huelga-seca-presos-mapuche-de-angol-radicalizan-huelga-a-100-dias-de-su-inicio\/"},"author":{"name":"Mapuche International Link","@id":"https:\/\/www.mapuche-nation.org\/esp\/#\/schema\/person\/6333043013426b20dfa45bf4b6ae16d9"},"headline":"INICIAN HUELGA SECA! Presos mapuche de Angol radicalizan huelga a 100 d\u00edas de su\u00a0inicio","datePublished":"2021-03-12T01:15:43+00:00","dateModified":"2021-03-12T01:22:16+00:00","mainEntityOfPage":{"@id":"https:\/\/www.mapuche-nation.org\/esp\/inician-huelga-seca-presos-mapuche-de-angol-radicalizan-huelga-a-100-dias-de-su-inicio\/"},"wordCount":660,"publisher":{"@id":"https:\/\/www.mapuche-nation.org\/esp\/#organization"},"image":{"@id":"https:\/\/www.mapuche-nation.org\/esp\/inician-huelga-seca-presos-mapuche-de-angol-radicalizan-huelga-a-100-dias-de-su-inicio\/#primaryimage"},"thumbnailUrl":"https:\/\/www.mapuche-nation.org\/esp\/wp-content\/uploads\/sites\/5\/2021\/03\/100-Dias-PPM-en-Huelga-de-Hambre-20210310.jpg","articleSection":["Noticias"],"inLanguage":"en-GB"},{"@type":"WebPage","@id":"https:\/\/www.mapuche-nation.org\/esp\/inician-huelga-seca-presos-mapuche-de-angol-radicalizan-huelga-a-100-dias-de-su-inicio\/","url":"https:\/\/www.mapuche-nation.org\/esp\/inician-huelga-seca-presos-mapuche-de-angol-radicalizan-huelga-a-100-dias-de-su-inicio\/","name":"INICIAN HUELGA SECA! Presos mapuche de Angol radicalizan huelga a 100 d\u00edas de su inicio - Enlace Mapuche Internacional","isPartOf":{"@id":"https:\/\/www.mapuche-nation.org\/esp\/#website"},"primaryImageOfPage":{"@id":"https:\/\/www.mapuche-nation.org\/esp\/inician-huelga-seca-presos-mapuche-de-angol-radicalizan-huelga-a-100-dias-de-su-inicio\/#primaryimage"},"image":{"@id":"https:\/\/www.mapuche-nation.org\/esp\/inician-huelga-seca-presos-mapuche-de-angol-radicalizan-huelga-a-100-dias-de-su-inicio\/#primaryimage"},"thumbnailUrl":"https:\/\/www.mapuche-nation.org\/esp\/wp-content\/uploads\/sites\/5\/2021\/03\/100-Dias-PPM-en-Huelga-de-Hambre-20210310.jpg","datePublished":"2021-03-12T01:15:43+00:00","dateModified":"2021-03-12T01:22:16+00:00","description":"La huelga seca consiste en dejar de consumir l\u00edquidos, lo que en este caso, sumado al deterioro corporal provocado por los\u00a0100 d\u00edas sin alimentaci\u00f3n, puede llegar a ser fatal\u00a0en pocos d\u00edas.","breadcrumb":{"@id":"https:\/\/www.mapuche-nation.org\/esp\/inician-huelga-seca-presos-mapuche-de-angol-radicalizan-huelga-a-100-dias-de-su-inicio\/#breadcrumb"},"inLanguage":"en-GB","potentialAction":[{"@type":"ReadAction","target":["https:\/\/www.mapuche-nation.org\/esp\/inician-huelga-seca-presos-mapuche-de-angol-radicalizan-huelga-a-100-dias-de-su-inicio\/"]}]},{"@type":"ImageObject","inLanguage":"en-GB","@id":"https:\/\/www.mapuche-nation.org\/esp\/inician-huelga-seca-presos-mapuche-de-angol-radicalizan-huelga-a-100-dias-de-su-inicio\/#primaryimage","url":"https:\/\/www.mapuche-nation.org\/esp\/wp-content\/uploads\/sites\/5\/2021\/03\/100-Dias-PPM-en-Huelga-de-Hambre-20210310.jpg","contentUrl":"https:\/\/www.mapuche-nation.org\/esp\/wp-content\/uploads\/sites\/5\/2021\/03\/100-Dias-PPM-en-Huelga-de-Hambre-20210310.jpg","width":1024,"height":768},{"@type":"BreadcrumbList","@id":"https:\/\/www.mapuche-nation.org\/esp\/inician-huelga-seca-presos-mapuche-de-angol-radicalizan-huelga-a-100-dias-de-su-inicio\/#breadcrumb","itemListElement":[{"@type":"ListItem","position":1,"name":"Home","item":"https:\/\/www.mapuche-nation.org\/esp\/"},{"@type":"ListItem","position":2,"name":"INICIAN HUELGA SECA! Presos mapuche de Angol radicalizan huelga a 100 d\u00edas de su\u00a0inicio"}]},{"@type":"WebSite","@id":"https:\/\/www.mapuche-nation.org\/esp\/#website","url":"https:\/\/www.mapuche-nation.org\/esp\/","name":"Enlace Mapuche Internacional","description":"Enlace Mapuche Internacional","publisher":{"@id":"https:\/\/www.mapuche-nation.org\/esp\/#organization"},"potentialAction":[{"@type":"SearchAction","target":{"@type":"EntryPoint","urlTemplate":"https:\/\/www.mapuche-nation.org\/esp\/?s={search_term_string}"},"query-input":{"@type":"PropertyValueSpecification","valueRequired":true,"valueName":"search_term_string"}}],"inLanguage":"en-GB"},{"@type":"Organization","@id":"https:\/\/www.mapuche-nation.org\/esp\/#organization","name":"Enlace Mapuche Internacional","url":"https:\/\/www.mapuche-nation.org\/esp\/","logo":{"@type":"ImageObject","inLanguage":"en-GB","@id":"https:\/\/www.mapuche-nation.org\/esp\/#\/schema\/logo\/image\/","url":"https:\/\/www.mapuche-nation.org\/esp\/wp-content\/uploads\/sites\/5\/2017\/10\/logo-esp.png","contentUrl":"https:\/\/www.mapuche-nation.org\/esp\/wp-content\/uploads\/sites\/5\/2017\/10\/logo-esp.png","width":253,"height":81,"caption":"Enlace Mapuche Internacional"},"image":{"@id":"https:\/\/www.mapuche-nation.org\/esp\/#\/schema\/logo\/image\/"}},{"@type":"Person","@id":"https:\/\/www.mapuche-nation.org\/esp\/#\/schema\/person\/6333043013426b20dfa45bf4b6ae16d9","name":"Mapuche International Link","url":"https:\/\/www.mapuche-nation.org\/esp\/author\/siteadminmil\/"}]}},"_links":{"self":[{"href":"https:\/\/www.mapuche-nation.org\/esp\/wp-json\/wp\/v2\/posts\/1394","targetHints":{"allow":["GET"]}}],"collection":[{"href":"https:\/\/www.mapuche-nation.org\/esp\/wp-json\/wp\/v2\/posts"}],"about":[{"href":"https:\/\/www.mapuche-nation.org\/esp\/wp-json\/wp\/v2\/types\/post"}],"author":[{"embeddable":true,"href":"https:\/\/www.mapuche-nation.org\/esp\/wp-json\/wp\/v2\/users\/1"}],"replies":[{"embeddable":true,"href":"https:\/\/www.mapuche-nation.org\/esp\/wp-json\/wp\/v2\/comments?post=1394"}],"version-history":[{"count":1,"href":"https:\/\/www.mapuche-nation.org\/esp\/wp-json\/wp\/v2\/posts\/1394\/revisions"}],"predecessor-version":[{"id":1395,"href":"https:\/\/www.mapuche-nation.org\/esp\/wp-json\/wp\/v2\/posts\/1394\/revisions\/1395"}],"wp:featuredmedia":[{"embeddable":true,"href":"https:\/\/www.mapuche-nation.org\/esp\/wp-json\/wp\/v2\/media\/1396"}],"wp:attachment":[{"href":"https:\/\/www.mapuche-nation.org\/esp\/wp-json\/wp\/v2\/media?parent=1394"}],"wp:term":[{"taxonomy":"category","embeddable":true,"href":"https:\/\/www.mapuche-nation.org\/esp\/wp-json\/wp\/v2\/categories?post=1394"},{"taxonomy":"post_tag","embeddable":true,"href":"https:\/\/www.mapuche-nation.org\/esp\/wp-json\/wp\/v2\/tags?post=1394"}],"curies":[{"name":"wp","href":"https:\/\/api.w.org\/{rel}","templated":true}]}}